{"id":1085,"date":"2014-10-27T10:30:45","date_gmt":"2014-10-27T09:30:45","guid":{"rendered":"http:\/\/jugend.mvfichtenberg.de\/?p=1085"},"modified":"2014-10-27T10:35:51","modified_gmt":"2014-10-27T09:35:51","slug":"huettenwochenende-2014-finsterrot","status":"publish","type":"post","link":"http:\/\/jugend.mvfichtenberg.de\/?p=1085","title":{"rendered":"H\u00fcttenwochenende 2014 Finsterrot"},"content":{"rendered":"<div class=\"fcbkbttn_buttons_block\" id=\"fcbkbttn_middle\"><div class=\"fb-share-button  \" data-href=\"http:\/\/jugend.mvfichtenberg.de\/?p=1085\" data-type=\"button\" data-size=\"small\"><\/div><\/div><p><a href=\"http:\/\/jugend.mvfichtenberg.de\/wp-content\/uploads\/2014\/10\/Gruppenbild_Finsterrot.jpg\" target=\"_blank\"><img loading=\"lazy\" decoding=\"async\" class=\"alignleft size-medium wp-image-1092\" alt=\"Gruppenbild_Finsterrot\" src=\"http:\/\/jugend.mvfichtenberg.de\/wp-content\/uploads\/2014\/10\/Gruppenbild_Finsterrot-300x162.jpg\" width=\"300\" height=\"162\" srcset=\"http:\/\/jugend.mvfichtenberg.de\/wp-content\/uploads\/2014\/10\/Gruppenbild_Finsterrot-300x162.jpg 300w, http:\/\/jugend.mvfichtenberg.de\/wp-content\/uploads\/2014\/10\/Gruppenbild_Finsterrot-1024x552.jpg 1024w, http:\/\/jugend.mvfichtenberg.de\/wp-content\/uploads\/2014\/10\/Gruppenbild_Finsterrot.jpg 1487w\" sizes=\"auto, (max-width: 300px) 100vw, 300px\" \/><\/a>Viel zu erleben gab es beim H\u00fcttenwochenende der Jugendkapelle des Musikverein Fichtenberg in Finsterrot, dass am Wochenende 25.\/26. Oktober statt fand. Teilgenommen haben 16 Jugendliche. Dabei wurde aller Hand unternommen. Es wurde unter anderem in Kleingruppen Ballone und Dekoration f\u00fcr die bevorstehende Jugendserenade gebastelt. Des Weiteren wurde ein Nachtgel\u00e4ndespiel, in dem es darum ging, von der gegnerischen Gruppe das bewachte Teelicht auszupusten, gespielt. Die Jugendlichen haben Pizza selbst gebacken und belegt. Au\u00dferdem kam das Spielen mit den Instrumenten nicht zu kurz. Bei insgesamt zwei Musikproben wurde das ganze K\u00f6nnen der Jugendlichen abgefragt. Hierbei wurde flei\u00dfig auf die bevorstehende Jugendserenade am kommenden Sonntag ge\u00fcbt.<\/p>\n<p>Viele Bilder dazu in unserer <a title=\"Bilder\" href=\"http:\/\/jugend.mvfichtenberg.de\/?page_id=69\">Bildergalerie<\/a>!<\/p>\n","protected":false},"excerpt":{"rendered":"<p>Viel zu erleben gab es beim H\u00fcttenwochenende der Jugendkapelle des Musikverein Fichtenberg in Finsterrot, dass am Wochenende 25.\/26. Oktober statt fand. Teilgenommen haben 16 Jugendliche. Dabei wurde aller Hand unternommen. Es wurde unter anderem in Kleingruppen Ballone und Dekoration f\u00fcr <a class=\"more-link\" href=\"http:\/\/jugend.mvfichtenberg.de\/?p=1085\">weiterlesen  <span class=\"screen-reader-text\">  H\u00fcttenwochenende 2014 Finsterrot<\/span><span class=\"meta-nav\">&rarr;<\/span><\/a><\/p>\n","protected":false},"author":1,"featured_media":1092,"comment_status":"open","ping_status":"open","sticky":false,"template":"","format":"standard","meta":{"ngg_post_thumbnail":0,"footnotes":""},"categories":[4],"tags":[],"class_list":["post-1085","post","type-post","status-publish","format-standard","has-post-thumbnail","hentry","category-freizeitaussermusikalisch"],"_links":{"self":[{"href":"http:\/\/jugend.mvfichtenberg.de\/index.php?rest_route=\/wp\/v2\/posts\/1085","targetHints":{"allow":["GET"]}}],"collection":[{"href":"http:\/\/jugend.mvfichtenberg.de\/index.php?rest_route=\/wp\/v2\/posts"}],"about":[{"href":"http:\/\/jugend.mvfichtenberg.de\/index.php?rest_route=\/wp\/v2\/types\/post"}],"author":[{"embeddable":true,"href":"http:\/\/jugend.mvfichtenberg.de\/index.php?rest_route=\/wp\/v2\/users\/1"}],"replies":[{"embeddable":true,"href":"http:\/\/jugend.mvfichtenberg.de\/index.php?rest_route=%2Fwp%2Fv2%2Fcomments&post=1085"}],"version-history":[{"count":8,"href":"http:\/\/jugend.mvfichtenberg.de\/index.php?rest_route=\/wp\/v2\/posts\/1085\/revisions"}],"predecessor-version":[{"id":1095,"href":"http:\/\/jugend.mvfichtenberg.de\/index.php?rest_route=\/wp\/v2\/posts\/1085\/revisions\/1095"}],"wp:featuredmedia":[{"embeddable":true,"href":"http:\/\/jugend.mvfichtenberg.de\/index.php?rest_route=\/wp\/v2\/media\/1092"}],"wp:attachment":[{"href":"http:\/\/jugend.mvfichtenberg.de\/index.php?rest_route=%2Fwp%2Fv2%2Fmedia&parent=1085"}],"wp:term":[{"taxonomy":"category","embeddable":true,"href":"http:\/\/jugend.mvfichtenberg.de\/index.php?rest_route=%2Fwp%2Fv2%2Fcategories&post=1085"},{"taxonomy":"post_tag","embeddable":true,"href":"http:\/\/jugend.mvfichtenberg.de\/index.php?rest_route=%2Fwp%2Fv2%2Ftags&post=1085"}],"curies":[{"name":"wp","href":"https:\/\/api.w.org\/{rel}","templated":true}]}}