{"id":1097,"date":"2014-11-04T15:12:28","date_gmt":"2014-11-04T14:12:28","guid":{"rendered":"http:\/\/jugend.mvfichtenberg.de\/?p=1097"},"modified":"2014-11-06T09:24:08","modified_gmt":"2014-11-06T08:24:08","slug":"jugendserenade-02-11-2014","status":"publish","type":"post","link":"http:\/\/jugend.mvfichtenberg.de\/?p=1097","title":{"rendered":"Jugendserenade 02.11.2014"},"content":{"rendered":"<div class=\"fcbkbttn_buttons_block\" id=\"fcbkbttn_middle\"><div class=\"fb-share-button  \" data-href=\"http:\/\/jugend.mvfichtenberg.de\/?p=1097\" data-type=\"button\" data-size=\"small\"><\/div><\/div><style type=\"text\/css\"><!--\nP { margin-bottom: 0.21cm; }\n--><\/style>\n<p><a class=\"ngg-fancybox\" title=\" \" href=\"http:\/\/jugend.mvfichtenberg.de\/wp-content\/gallery\/jugendserenade-2-11-2014\/IMG_2633.JPG\" target=\"_blank\" data-image-id=\"418\" data-src=\"http:\/\/jugend.mvfichtenberg.de\/wp-content\/gallery\/jugendserenade-2-11-2014\/IMG_2633.JPG\" data-thumbnail=\"http:\/\/jugend.mvfichtenberg.de\/wp-content\/gallery\/jugendserenade-2-11-2014\/thumbs\/thumbs_IMG_2633.JPG\" data-title=\"IMG_2633\" data-description=\" \"><img loading=\"lazy\" decoding=\"async\" class=\"ngg-singlepic ngg-left\" alt=\"IMG_2633\" src=\"http:\/\/jugend.mvfichtenberg.de\/wp-content\/gallery\/jugendserenade-2-11-2014\/thumbs\/thumbs_IMG_2633.JPG\" width=\"240\" height=\"180\" \/><\/a>Am vergangenen Sonntag fand ab 17:30 Uhr die erste Jugendserenade der Jugendkapelle des Musikverein Fichtenberg in der Sporthalle in Fichtenberg statt. Die Halle f\u00fcllte sich schnell mit vielen Eltern, Geschwistern, Omas und Opas und vielen anderen an Musik interessierten Zuh\u00f6rer. Die Jugendserenade stand unter dem Motto \u201ePhantasie\u201c. Dementsprechend wurde die Halle in eine bunte \u201ePhantasiewelt\u201c durch die Jugendkapelle Fichtenberg verzaubert. Eingeladen wurden das Jugendorchester aus Laufen a. K. sowie das Jugendblasorchester aus Neuenstein. Jedes Orchester brachte seine drei bis vier geprobten Lieder zum H\u00f6ren und ernteten daf\u00fcr gro\u00dfen Applaus. Der Applaus des Publikums ert\u00f6nte laut und hielt eine ganze Weile an, sodass die Jugendorchester sogar noch eine Zugabe gespielt haben. Die Moderation der einzelnen Lieder \u00fcbernahm jedes Orchester selbst. Bevor der Gesamtchor, der ca. 60 Kindern und Jugendlichen der drei Jugendgruppen gemeinsam ihr K\u00f6nnen auf der B\u00fchne pr\u00e4sentieren konnten,<strong> bedankte sich die Jugendleitung mit Wein und Blumen bei der Dirigentin Astrid aus Neuenstein, dem Dirigent Andr\u00e9 aus Laufen a. K. und dem Dirigent Uwe aus Fichtenberg f\u00fcr deren gro\u00dfe Bem\u00fchungen um diesen Abend so musikalisch zu gestalten. Ein gro\u00dfes Dankesch\u00f6n sprach die Jugendleitung Uwe Keuler aus, der f\u00fcr das leibliche Wohl in Form von Leberk\u00e4se <\/strong><span><strong>gesorgt hat.<\/strong><br \/>\n(Bilder folgen)<br \/>\n<\/span><\/p>\n","protected":false},"excerpt":{"rendered":"<p>Am vergangenen Sonntag fand ab 17:30 Uhr die erste Jugendserenade der Jugendkapelle des Musikverein Fichtenberg in der Sporthalle in Fichtenberg statt. Die Halle f\u00fcllte sich schnell mit vielen Eltern, Geschwistern, Omas und Opas und vielen anderen an Musik interessierten Zuh\u00f6rer. <a class=\"more-link\" href=\"http:\/\/jugend.mvfichtenberg.de\/?p=1097\">weiterlesen  <span class=\"screen-reader-text\">  Jugendserenade 02.11.2014<\/span><span class=\"meta-nav\">&rarr;<\/span><\/a><\/p>\n","protected":false},"author":3,"featured_media":1148,"comment_status":"open","ping_status":"open","sticky":false,"template":"","format":"standard","meta":{"ngg_post_thumbnail":0,"footnotes":""},"categories":[3],"tags":[],"class_list":["post-1097","post","type-post","status-publish","format-standard","has-post-thumbnail","hentry","category-konzertauftritt"],"_links":{"self":[{"href":"http:\/\/jugend.mvfichtenberg.de\/index.php?rest_route=\/wp\/v2\/posts\/1097","targetHints":{"allow":["GET"]}}],"collection":[{"href":"http:\/\/jugend.mvfichtenberg.de\/index.php?rest_route=\/wp\/v2\/posts"}],"about":[{"href":"http:\/\/jugend.mvfichtenberg.de\/index.php?rest_route=\/wp\/v2\/types\/post"}],"author":[{"embeddable":true,"href":"http:\/\/jugend.mvfichtenberg.de\/index.php?rest_route=\/wp\/v2\/users\/3"}],"replies":[{"embeddable":true,"href":"http:\/\/jugend.mvfichtenberg.de\/index.php?rest_route=%2Fwp%2Fv2%2Fcomments&post=1097"}],"version-history":[{"count":7,"href":"http:\/\/jugend.mvfichtenberg.de\/index.php?rest_route=\/wp\/v2\/posts\/1097\/revisions"}],"predecessor-version":[{"id":1212,"href":"http:\/\/jugend.mvfichtenberg.de\/index.php?rest_route=\/wp\/v2\/posts\/1097\/revisions\/1212"}],"wp:featuredmedia":[{"embeddable":true,"href":"http:\/\/jugend.mvfichtenberg.de\/index.php?rest_route=\/wp\/v2\/media\/1148"}],"wp:attachment":[{"href":"http:\/\/jugend.mvfichtenberg.de\/index.php?rest_route=%2Fwp%2Fv2%2Fmedia&parent=1097"}],"wp:term":[{"taxonomy":"category","embeddable":true,"href":"http:\/\/jugend.mvfichtenberg.de\/index.php?rest_route=%2Fwp%2Fv2%2Fcategories&post=1097"},{"taxonomy":"post_tag","embeddable":true,"href":"http:\/\/jugend.mvfichtenberg.de\/index.php?rest_route=%2Fwp%2Fv2%2Ftags&post=1097"}],"curies":[{"name":"wp","href":"https:\/\/api.w.org\/{rel}","templated":true}]}}