{"id":1562,"date":"2015-02-05T10:56:44","date_gmt":"2015-02-05T09:56:44","guid":{"rendered":"http:\/\/jugend.mvfichtenberg.de\/?p=1562"},"modified":"2015-07-28T09:34:32","modified_gmt":"2015-07-28T07:34:32","slug":"nachwuchs-beim-vorspielnachmittag","status":"publish","type":"post","link":"http:\/\/jugend.mvfichtenberg.de\/?p=1562","title":{"rendered":"Nachwuchs beim Vorspielnachmittag"},"content":{"rendered":"<div class=\"fcbkbttn_buttons_block\" id=\"fcbkbttn_middle\"><div class=\"fb-share-button  \" data-href=\"http:\/\/jugend.mvfichtenberg.de\/?p=1562\" data-type=\"button\" data-size=\"small\"><\/div><\/div><figure id=\"attachment_1565\" aria-describedby=\"caption-attachment-1565\" style=\"width: 300px\" class=\"wp-caption alignleft\"><a href=\"http:\/\/jugend.mvfichtenberg.de\/wp-content\/uploads\/2015\/02\/Vorspielnachmittag2015Gruppe.jpg\"><img loading=\"lazy\" decoding=\"async\" class=\"size-medium wp-image-1565\" src=\"http:\/\/jugend.mvfichtenberg.de\/wp-content\/uploads\/2015\/02\/Vorspielnachmittag2015Gruppe-300x211.jpg\" alt=\"Teilnehmer des Vorspielnachmittags mit Ausbildern\" width=\"300\" height=\"211\" srcset=\"http:\/\/jugend.mvfichtenberg.de\/wp-content\/uploads\/2015\/02\/Vorspielnachmittag2015Gruppe-300x211.jpg 300w, http:\/\/jugend.mvfichtenberg.de\/wp-content\/uploads\/2015\/02\/Vorspielnachmittag2015Gruppe-1024x722.jpg 1024w\" sizes=\"auto, (max-width: 300px) 100vw, 300px\" \/><\/a><figcaption id=\"caption-attachment-1565\" class=\"wp-caption-text\">Teilnehmer des Vorspielnachmittags mit Ausbildern<\/figcaption><\/figure>\n<p>Der Nachwuchs vom Musikverein Fichtenberg stellt beim Vorspielnachmittag sein K\u00f6nnen unter Beweis. Es wurde dieses Mal das begehrte Juniorabzeichen an einige begabte Jungmusiker vergeben.<br \/>\nIn der Aula der Grundschule Fichtenberg ging es vergangenen Sonntagnachmittag hei\u00df her. Eltern, Geschwister, Gro\u00dfeltern und zahlreiche Interessierte haben sich eingefunden, um sich \u00fcber den Ausbildungsstand der Jugend des Musikvereins Fichtenberg zu informieren. Bei Kaffee und Kuchen musizierten die Jungmusiker im Solo oder auch im Duett. Sie zeigten unter H\u00f6chstleistung dem Publikum ihr K\u00f6nnen.<br \/>\nUnten den stolzen Absolventen des Juniorabzeichen waren Toni Schock, Luisa Stanjura, Nele Sprecher, Tim Spillmann, Vanessa Schust, David Schock, Sina Lohn, Benjamin Korff, Peter Weller, Lena K\u00fcbler, Luisa K\u00fchnle, Jennifer Mahler, Rico Hofmann, Lea Widmann, Anja Weller, Maja Kreuzberger, Sophia Feil, Katja Hofacker, Joshua Paxian, Luis Schock und Max Ebinger<\/p>\n<p>Weitere Bilder in unserer <a title=\"Bilder\" href=\"http:\/\/jugend.mvfichtenberg.de\/?page_id=69\">Bildergalerie\n<div class=\"ngg-galleryoverview ngg-template-caption\" id=\"ngg-gallery-47f3cc4ec4c30c4abf3136d3cf13eaf3-1562\">\n\n\t\t\t<!-- Slideshow link -->\n\t<div class=\"slideshowlink\">\n\t\t<a class=\"slideshowlink\" href=\"http:\/\/jugend.mvfichtenberg.de\/index.php\/nggallery\/slideshow?p=1562\">\n\t\t\t[Show slideshow]\t\t<\/a>\n\t<\/div>\n\n\t<!-- Thumbnails -->\n\t\t\t\t\n\t<div id=\"ngg-image-530\" class=\"ngg-gallery-thumbnail-box\"  >\n\t\t<div class=\"ngg-gallery-thumbnail\" >\n\t\t\t<a href=\"http:\/\/jugend.mvfichtenberg.de\/wp-content\/gallery\/vorspielnachmittag-1-2-2015\/P2010430.JPG\"\n\t\t\t\ttitle=\" \"\n\t\t\t\tclass=\"ngg-fancybox\" rel=\"47f3cc4ec4c30c4abf3136d3cf13eaf3\" data-image-id=\"530\" data-src=\"http:\/\/jugend.mvfichtenberg.de\/wp-content\/gallery\/vorspielnachmittag-1-2-2015\/P2010430.JPG\" data-thumbnail=\"http:\/\/jugend.mvfichtenberg.de\/wp-content\/gallery\/vorspielnachmittag-1-2-2015\/thumbs\/thumbs_P2010430.JPG\" data-title=\"OLYMPUS DIGITAL CAMERA\" data-description=\" \" >\n\t\t\t\t\t\t\t\t<img title=\"OLYMPUS DIGITAL CAMERA\" alt=\"OLYMPUS DIGITAL CAMERA\" src=\"http:\/\/jugend.mvfichtenberg.de\/wp-content\/gallery\/vorspielnachmittag-1-2-2015\/thumbs\/thumbs_P2010430.JPG\" width='120' height='90' \/>\n\t\t\t\t\t\t\t<\/a>\n\t\t\t<span>\n\t\t\t \t\t\t<\/span>\n\t\t<\/div>\n\t<\/div>\n\t\t\t\t\t\t\t\n\t<div id=\"ngg-image-531\" class=\"ngg-gallery-thumbnail-box\"  >\n\t\t<div class=\"ngg-gallery-thumbnail\" >\n\t\t\t<a href=\"http:\/\/jugend.mvfichtenberg.de\/wp-content\/gallery\/vorspielnachmittag-1-2-2015\/P2010431.JPG\"\n\t\t\t\ttitle=\" \"\n\t\t\t\tclass=\"ngg-fancybox\" rel=\"47f3cc4ec4c30c4abf3136d3cf13eaf3\" data-image-id=\"531\" data-src=\"http:\/\/jugend.mvfichtenberg.de\/wp-content\/gallery\/vorspielnachmittag-1-2-2015\/P2010431.JPG\" data-thumbnail=\"http:\/\/jugend.mvfichtenberg.de\/wp-content\/gallery\/vorspielnachmittag-1-2-2015\/thumbs\/thumbs_P2010431.JPG\" data-title=\"OLYMPUS DIGITAL CAMERA\" data-description=\" \" >\n\t\t\t\t\t\t\t\t<img title=\"OLYMPUS DIGITAL CAMERA\" alt=\"OLYMPUS DIGITAL CAMERA\" src=\"http:\/\/jugend.mvfichtenberg.de\/wp-content\/gallery\/vorspielnachmittag-1-2-2015\/thumbs\/thumbs_P2010431.JPG\" width='120' height='90' \/>\n\t\t\t\t\t\t\t<\/a>\n\t\t\t<span>\n\t\t\t \t\t\t<\/span>\n\t\t<\/div>\n\t<\/div>\n\t\t\t\t\t\t\t\n\t<div id=\"ngg-image-532\" class=\"ngg-gallery-thumbnail-box\"  >\n\t\t<div class=\"ngg-gallery-thumbnail\" >\n\t\t\t<a href=\"http:\/\/jugend.mvfichtenberg.de\/wp-content\/gallery\/vorspielnachmittag-1-2-2015\/P2010433.JPG\"\n\t\t\t\ttitle=\" \"\n\t\t\t\tclass=\"ngg-fancybox\" rel=\"47f3cc4ec4c30c4abf3136d3cf13eaf3\" data-image-id=\"532\" data-src=\"http:\/\/jugend.mvfichtenberg.de\/wp-content\/gallery\/vorspielnachmittag-1-2-2015\/P2010433.JPG\" data-thumbnail=\"http:\/\/jugend.mvfichtenberg.de\/wp-content\/gallery\/vorspielnachmittag-1-2-2015\/thumbs\/thumbs_P2010433.JPG\" data-title=\"OLYMPUS DIGITAL CAMERA\" data-description=\" \" >\n\t\t\t\t\t\t\t\t<img title=\"OLYMPUS DIGITAL CAMERA\" alt=\"OLYMPUS DIGITAL CAMERA\" src=\"http:\/\/jugend.mvfichtenberg.de\/wp-content\/gallery\/vorspielnachmittag-1-2-2015\/thumbs\/thumbs_P2010433.JPG\" width='120' height='90' \/>\n\t\t\t\t\t\t\t<\/a>\n\t\t\t<span>\n\t\t\t \t\t\t<\/span>\n\t\t<\/div>\n\t<\/div>\n\t\t\t\t\t\t\t\n\t<div id=\"ngg-image-533\" class=\"ngg-gallery-thumbnail-box\"  >\n\t\t<div class=\"ngg-gallery-thumbnail\" >\n\t\t\t<a href=\"http:\/\/jugend.mvfichtenberg.de\/wp-content\/gallery\/vorspielnachmittag-1-2-2015\/P2010434.JPG\"\n\t\t\t\ttitle=\" \"\n\t\t\t\tclass=\"ngg-fancybox\" rel=\"47f3cc4ec4c30c4abf3136d3cf13eaf3\" data-image-id=\"533\" data-src=\"http:\/\/jugend.mvfichtenberg.de\/wp-content\/gallery\/vorspielnachmittag-1-2-2015\/P2010434.JPG\" data-thumbnail=\"http:\/\/jugend.mvfichtenberg.de\/wp-content\/gallery\/vorspielnachmittag-1-2-2015\/thumbs\/thumbs_P2010434.JPG\" data-title=\"OLYMPUS DIGITAL CAMERA\" data-description=\" \" >\n\t\t\t\t\t\t\t\t<img title=\"OLYMPUS DIGITAL CAMERA\" alt=\"OLYMPUS DIGITAL CAMERA\" src=\"http:\/\/jugend.mvfichtenberg.de\/wp-content\/gallery\/vorspielnachmittag-1-2-2015\/thumbs\/thumbs_P2010434.JPG\" width='120' height='90' \/>\n\t\t\t\t\t\t\t<\/a>\n\t\t\t<span>\n\t\t\t \t\t\t<\/span>\n\t\t<\/div>\n\t<\/div>\n\t\t\t\t\t\t\t\n\t<div id=\"ngg-image-534\" class=\"ngg-gallery-thumbnail-box\"  >\n\t\t<div class=\"ngg-gallery-thumbnail\" >\n\t\t\t<a href=\"http:\/\/jugend.mvfichtenberg.de\/wp-content\/gallery\/vorspielnachmittag-1-2-2015\/P2010435.JPG\"\n\t\t\t\ttitle=\" \"\n\t\t\t\tclass=\"ngg-fancybox\" rel=\"47f3cc4ec4c30c4abf3136d3cf13eaf3\" data-image-id=\"534\" data-src=\"http:\/\/jugend.mvfichtenberg.de\/wp-content\/gallery\/vorspielnachmittag-1-2-2015\/P2010435.JPG\" data-thumbnail=\"http:\/\/jugend.mvfichtenberg.de\/wp-content\/gallery\/vorspielnachmittag-1-2-2015\/thumbs\/thumbs_P2010435.JPG\" data-title=\"OLYMPUS DIGITAL CAMERA\" data-description=\" \" >\n\t\t\t\t\t\t\t\t<img title=\"OLYMPUS DIGITAL CAMERA\" alt=\"OLYMPUS DIGITAL CAMERA\" src=\"http:\/\/jugend.mvfichtenberg.de\/wp-content\/gallery\/vorspielnachmittag-1-2-2015\/thumbs\/thumbs_P2010435.JPG\" width='120' height='90' \/>\n\t\t\t\t\t\t\t<\/a>\n\t\t\t<span>\n\t\t\t \t\t\t<\/span>\n\t\t<\/div>\n\t<\/div>\n\t\t\t\t\t\t\t\n\t<div id=\"ngg-image-535\" class=\"ngg-gallery-thumbnail-box\"  >\n\t\t<div class=\"ngg-gallery-thumbnail\" >\n\t\t\t<a href=\"http:\/\/jugend.mvfichtenberg.de\/wp-content\/gallery\/vorspielnachmittag-1-2-2015\/P2010436.JPG\"\n\t\t\t\ttitle=\" \"\n\t\t\t\tclass=\"ngg-fancybox\" rel=\"47f3cc4ec4c30c4abf3136d3cf13eaf3\" data-image-id=\"535\" data-src=\"http:\/\/jugend.mvfichtenberg.de\/wp-content\/gallery\/vorspielnachmittag-1-2-2015\/P2010436.JPG\" data-thumbnail=\"http:\/\/jugend.mvfichtenberg.de\/wp-content\/gallery\/vorspielnachmittag-1-2-2015\/thumbs\/thumbs_P2010436.JPG\" data-title=\"OLYMPUS DIGITAL CAMERA\" data-description=\" \" >\n\t\t\t\t\t\t\t\t<img title=\"OLYMPUS DIGITAL CAMERA\" alt=\"OLYMPUS DIGITAL CAMERA\" src=\"http:\/\/jugend.mvfichtenberg.de\/wp-content\/gallery\/vorspielnachmittag-1-2-2015\/thumbs\/thumbs_P2010436.JPG\" width='120' height='90' \/>\n\t\t\t\t\t\t\t<\/a>\n\t\t\t<span>\n\t\t\t \t\t\t<\/span>\n\t\t<\/div>\n\t<\/div>\n\t\t\t\t\t\t\t\n\t<div id=\"ngg-image-536\" class=\"ngg-gallery-thumbnail-box\"  >\n\t\t<div class=\"ngg-gallery-thumbnail\" >\n\t\t\t<a href=\"http:\/\/jugend.mvfichtenberg.de\/wp-content\/gallery\/vorspielnachmittag-1-2-2015\/P2010437.JPG\"\n\t\t\t\ttitle=\" \"\n\t\t\t\tclass=\"ngg-fancybox\" rel=\"47f3cc4ec4c30c4abf3136d3cf13eaf3\" data-image-id=\"536\" data-src=\"http:\/\/jugend.mvfichtenberg.de\/wp-content\/gallery\/vorspielnachmittag-1-2-2015\/P2010437.JPG\" data-thumbnail=\"http:\/\/jugend.mvfichtenberg.de\/wp-content\/gallery\/vorspielnachmittag-1-2-2015\/thumbs\/thumbs_P2010437.JPG\" data-title=\"OLYMPUS DIGITAL CAMERA\" data-description=\" \" >\n\t\t\t\t\t\t\t\t<img title=\"OLYMPUS DIGITAL CAMERA\" alt=\"OLYMPUS DIGITAL CAMERA\" src=\"http:\/\/jugend.mvfichtenberg.de\/wp-content\/gallery\/vorspielnachmittag-1-2-2015\/thumbs\/thumbs_P2010437.JPG\" width='120' height='90' \/>\n\t\t\t\t\t\t\t<\/a>\n\t\t\t<span>\n\t\t\t \t\t\t<\/span>\n\t\t<\/div>\n\t<\/div>\n\t\t\t\t\t\t\t\n\t<div id=\"ngg-image-537\" class=\"ngg-gallery-thumbnail-box\"  >\n\t\t<div class=\"ngg-gallery-thumbnail\" >\n\t\t\t<a href=\"http:\/\/jugend.mvfichtenberg.de\/wp-content\/gallery\/vorspielnachmittag-1-2-2015\/P2010438.JPG\"\n\t\t\t\ttitle=\" \"\n\t\t\t\tclass=\"ngg-fancybox\" rel=\"47f3cc4ec4c30c4abf3136d3cf13eaf3\" data-image-id=\"537\" data-src=\"http:\/\/jugend.mvfichtenberg.de\/wp-content\/gallery\/vorspielnachmittag-1-2-2015\/P2010438.JPG\" data-thumbnail=\"http:\/\/jugend.mvfichtenberg.de\/wp-content\/gallery\/vorspielnachmittag-1-2-2015\/thumbs\/thumbs_P2010438.JPG\" data-title=\"OLYMPUS DIGITAL CAMERA\" data-description=\" \" >\n\t\t\t\t\t\t\t\t<img title=\"OLYMPUS DIGITAL CAMERA\" alt=\"OLYMPUS DIGITAL CAMERA\" src=\"http:\/\/jugend.mvfichtenberg.de\/wp-content\/gallery\/vorspielnachmittag-1-2-2015\/thumbs\/thumbs_P2010438.JPG\" width='120' height='90' \/>\n\t\t\t\t\t\t\t<\/a>\n\t\t\t<span>\n\t\t\t \t\t\t<\/span>\n\t\t<\/div>\n\t<\/div>\n\t\t\t\t\t\t\t\n\t<div id=\"ngg-image-538\" class=\"ngg-gallery-thumbnail-box\"  >\n\t\t<div class=\"ngg-gallery-thumbnail\" >\n\t\t\t<a href=\"http:\/\/jugend.mvfichtenberg.de\/wp-content\/gallery\/vorspielnachmittag-1-2-2015\/P2010439.JPG\"\n\t\t\t\ttitle=\" \"\n\t\t\t\tclass=\"ngg-fancybox\" rel=\"47f3cc4ec4c30c4abf3136d3cf13eaf3\" data-image-id=\"538\" data-src=\"http:\/\/jugend.mvfichtenberg.de\/wp-content\/gallery\/vorspielnachmittag-1-2-2015\/P2010439.JPG\" data-thumbnail=\"http:\/\/jugend.mvfichtenberg.de\/wp-content\/gallery\/vorspielnachmittag-1-2-2015\/thumbs\/thumbs_P2010439.JPG\" data-title=\"OLYMPUS DIGITAL CAMERA\" data-description=\" \" >\n\t\t\t\t\t\t\t\t<img title=\"OLYMPUS DIGITAL CAMERA\" alt=\"OLYMPUS DIGITAL CAMERA\" src=\"http:\/\/jugend.mvfichtenberg.de\/wp-content\/gallery\/vorspielnachmittag-1-2-2015\/thumbs\/thumbs_P2010439.JPG\" width='120' height='90' \/>\n\t\t\t\t\t\t\t<\/a>\n\t\t\t<span>\n\t\t\t \t\t\t<\/span>\n\t\t<\/div>\n\t<\/div>\n\t\t\t\t\t\t\t\n\t<div id=\"ngg-image-539\" class=\"ngg-gallery-thumbnail-box\"  >\n\t\t<div class=\"ngg-gallery-thumbnail\" >\n\t\t\t<a href=\"http:\/\/jugend.mvfichtenberg.de\/wp-content\/gallery\/vorspielnachmittag-1-2-2015\/P2010440.JPG\"\n\t\t\t\ttitle=\" \"\n\t\t\t\tclass=\"ngg-fancybox\" rel=\"47f3cc4ec4c30c4abf3136d3cf13eaf3\" data-image-id=\"539\" data-src=\"http:\/\/jugend.mvfichtenberg.de\/wp-content\/gallery\/vorspielnachmittag-1-2-2015\/P2010440.JPG\" data-thumbnail=\"http:\/\/jugend.mvfichtenberg.de\/wp-content\/gallery\/vorspielnachmittag-1-2-2015\/thumbs\/thumbs_P2010440.JPG\" data-title=\"OLYMPUS DIGITAL CAMERA\" data-description=\" \" >\n\t\t\t\t\t\t\t\t<img title=\"OLYMPUS DIGITAL CAMERA\" alt=\"OLYMPUS DIGITAL CAMERA\" src=\"http:\/\/jugend.mvfichtenberg.de\/wp-content\/gallery\/vorspielnachmittag-1-2-2015\/thumbs\/thumbs_P2010440.JPG\" width='120' height='90' \/>\n\t\t\t\t\t\t\t<\/a>\n\t\t\t<span>\n\t\t\t \t\t\t<\/span>\n\t\t<\/div>\n\t<\/div>\n\t\t\t\t\t\t\t\n\t<div id=\"ngg-image-540\" class=\"ngg-gallery-thumbnail-box\"  >\n\t\t<div class=\"ngg-gallery-thumbnail\" >\n\t\t\t<a href=\"http:\/\/jugend.mvfichtenberg.de\/wp-content\/gallery\/vorspielnachmittag-1-2-2015\/P2010441.JPG\"\n\t\t\t\ttitle=\" \"\n\t\t\t\tclass=\"ngg-fancybox\" rel=\"47f3cc4ec4c30c4abf3136d3cf13eaf3\" data-image-id=\"540\" data-src=\"http:\/\/jugend.mvfichtenberg.de\/wp-content\/gallery\/vorspielnachmittag-1-2-2015\/P2010441.JPG\" data-thumbnail=\"http:\/\/jugend.mvfichtenberg.de\/wp-content\/gallery\/vorspielnachmittag-1-2-2015\/thumbs\/thumbs_P2010441.JPG\" data-title=\"OLYMPUS DIGITAL CAMERA\" data-description=\" \" >\n\t\t\t\t\t\t\t\t<img title=\"OLYMPUS DIGITAL CAMERA\" alt=\"OLYMPUS DIGITAL CAMERA\" src=\"http:\/\/jugend.mvfichtenberg.de\/wp-content\/gallery\/vorspielnachmittag-1-2-2015\/thumbs\/thumbs_P2010441.JPG\" width='120' height='90' \/>\n\t\t\t\t\t\t\t<\/a>\n\t\t\t<span>\n\t\t\t \t\t\t<\/span>\n\t\t<\/div>\n\t<\/div>\n\t\t\t\t\t\t\t\n\t<div id=\"ngg-image-541\" class=\"ngg-gallery-thumbnail-box\"  >\n\t\t<div class=\"ngg-gallery-thumbnail\" >\n\t\t\t<a href=\"http:\/\/jugend.mvfichtenberg.de\/wp-content\/gallery\/vorspielnachmittag-1-2-2015\/P2010442.JPG\"\n\t\t\t\ttitle=\" \"\n\t\t\t\tclass=\"ngg-fancybox\" rel=\"47f3cc4ec4c30c4abf3136d3cf13eaf3\" data-image-id=\"541\" data-src=\"http:\/\/jugend.mvfichtenberg.de\/wp-content\/gallery\/vorspielnachmittag-1-2-2015\/P2010442.JPG\" data-thumbnail=\"http:\/\/jugend.mvfichtenberg.de\/wp-content\/gallery\/vorspielnachmittag-1-2-2015\/thumbs\/thumbs_P2010442.JPG\" data-title=\"OLYMPUS DIGITAL CAMERA\" data-description=\" \" >\n\t\t\t\t\t\t\t\t<img title=\"OLYMPUS DIGITAL CAMERA\" alt=\"OLYMPUS DIGITAL CAMERA\" src=\"http:\/\/jugend.mvfichtenberg.de\/wp-content\/gallery\/vorspielnachmittag-1-2-2015\/thumbs\/thumbs_P2010442.JPG\" width='120' height='90' \/>\n\t\t\t\t\t\t\t<\/a>\n\t\t\t<span>\n\t\t\t \t\t\t<\/span>\n\t\t<\/div>\n\t<\/div>\n\t\t\t\t\t\t\t\n\t<div id=\"ngg-image-542\" class=\"ngg-gallery-thumbnail-box\"  >\n\t\t<div class=\"ngg-gallery-thumbnail\" >\n\t\t\t<a href=\"http:\/\/jugend.mvfichtenberg.de\/wp-content\/gallery\/vorspielnachmittag-1-2-2015\/P2010443.JPG\"\n\t\t\t\ttitle=\" \"\n\t\t\t\tclass=\"ngg-fancybox\" rel=\"47f3cc4ec4c30c4abf3136d3cf13eaf3\" data-image-id=\"542\" data-src=\"http:\/\/jugend.mvfichtenberg.de\/wp-content\/gallery\/vorspielnachmittag-1-2-2015\/P2010443.JPG\" data-thumbnail=\"http:\/\/jugend.mvfichtenberg.de\/wp-content\/gallery\/vorspielnachmittag-1-2-2015\/thumbs\/thumbs_P2010443.JPG\" data-title=\"OLYMPUS DIGITAL CAMERA\" data-description=\" \" >\n\t\t\t\t\t\t\t\t<img title=\"OLYMPUS DIGITAL CAMERA\" alt=\"OLYMPUS DIGITAL CAMERA\" src=\"http:\/\/jugend.mvfichtenberg.de\/wp-content\/gallery\/vorspielnachmittag-1-2-2015\/thumbs\/thumbs_P2010443.JPG\" width='120' height='90' \/>\n\t\t\t\t\t\t\t<\/a>\n\t\t\t<span>\n\t\t\t \t\t\t<\/span>\n\t\t<\/div>\n\t<\/div>\n\t\t\t\t\t\t\t\n\t<div id=\"ngg-image-543\" class=\"ngg-gallery-thumbnail-box\"  >\n\t\t<div class=\"ngg-gallery-thumbnail\" >\n\t\t\t<a href=\"http:\/\/jugend.mvfichtenberg.de\/wp-content\/gallery\/vorspielnachmittag-1-2-2015\/P2010445.JPG\"\n\t\t\t\ttitle=\" \"\n\t\t\t\tclass=\"ngg-fancybox\" rel=\"47f3cc4ec4c30c4abf3136d3cf13eaf3\" data-image-id=\"543\" data-src=\"http:\/\/jugend.mvfichtenberg.de\/wp-content\/gallery\/vorspielnachmittag-1-2-2015\/P2010445.JPG\" data-thumbnail=\"http:\/\/jugend.mvfichtenberg.de\/wp-content\/gallery\/vorspielnachmittag-1-2-2015\/thumbs\/thumbs_P2010445.JPG\" data-title=\"OLYMPUS DIGITAL CAMERA\" data-description=\" \" >\n\t\t\t\t\t\t\t\t<img title=\"OLYMPUS DIGITAL CAMERA\" alt=\"OLYMPUS DIGITAL CAMERA\" src=\"http:\/\/jugend.mvfichtenberg.de\/wp-content\/gallery\/vorspielnachmittag-1-2-2015\/thumbs\/thumbs_P2010445.JPG\" width='120' height='90' \/>\n\t\t\t\t\t\t\t<\/a>\n\t\t\t<span>\n\t\t\t \t\t\t<\/span>\n\t\t<\/div>\n\t<\/div>\n\t\t\t\t\t\t\t\n\t<div id=\"ngg-image-544\" class=\"ngg-gallery-thumbnail-box\"  >\n\t\t<div class=\"ngg-gallery-thumbnail\" >\n\t\t\t<a href=\"http:\/\/jugend.mvfichtenberg.de\/wp-content\/gallery\/vorspielnachmittag-1-2-2015\/P2010446.JPG\"\n\t\t\t\ttitle=\" \"\n\t\t\t\tclass=\"ngg-fancybox\" rel=\"47f3cc4ec4c30c4abf3136d3cf13eaf3\" data-image-id=\"544\" data-src=\"http:\/\/jugend.mvfichtenberg.de\/wp-content\/gallery\/vorspielnachmittag-1-2-2015\/P2010446.JPG\" data-thumbnail=\"http:\/\/jugend.mvfichtenberg.de\/wp-content\/gallery\/vorspielnachmittag-1-2-2015\/thumbs\/thumbs_P2010446.JPG\" data-title=\"OLYMPUS DIGITAL CAMERA\" data-description=\" \" >\n\t\t\t\t\t\t\t\t<img title=\"OLYMPUS DIGITAL CAMERA\" alt=\"OLYMPUS DIGITAL CAMERA\" src=\"http:\/\/jugend.mvfichtenberg.de\/wp-content\/gallery\/vorspielnachmittag-1-2-2015\/thumbs\/thumbs_P2010446.JPG\" width='120' height='90' \/>\n\t\t\t\t\t\t\t<\/a>\n\t\t\t<span>\n\t\t\t \t\t\t<\/span>\n\t\t<\/div>\n\t<\/div>\n\t\t\t\t\t\t\t\n\t<div id=\"ngg-image-545\" class=\"ngg-gallery-thumbnail-box\"  >\n\t\t<div class=\"ngg-gallery-thumbnail\" >\n\t\t\t<a href=\"http:\/\/jugend.mvfichtenberg.de\/wp-content\/gallery\/vorspielnachmittag-1-2-2015\/P2010447.JPG\"\n\t\t\t\ttitle=\" \"\n\t\t\t\tclass=\"ngg-fancybox\" rel=\"47f3cc4ec4c30c4abf3136d3cf13eaf3\" data-image-id=\"545\" data-src=\"http:\/\/jugend.mvfichtenberg.de\/wp-content\/gallery\/vorspielnachmittag-1-2-2015\/P2010447.JPG\" data-thumbnail=\"http:\/\/jugend.mvfichtenberg.de\/wp-content\/gallery\/vorspielnachmittag-1-2-2015\/thumbs\/thumbs_P2010447.JPG\" data-title=\"OLYMPUS DIGITAL CAMERA\" data-description=\" \" >\n\t\t\t\t\t\t\t\t<img title=\"OLYMPUS DIGITAL CAMERA\" alt=\"OLYMPUS DIGITAL CAMERA\" src=\"http:\/\/jugend.mvfichtenberg.de\/wp-content\/gallery\/vorspielnachmittag-1-2-2015\/thumbs\/thumbs_P2010447.JPG\" width='120' height='90' \/>\n\t\t\t\t\t\t\t<\/a>\n\t\t\t<span>\n\t\t\t \t\t\t<\/span>\n\t\t<\/div>\n\t<\/div>\n\t\t\t\t\t\t\t\n\t<div id=\"ngg-image-546\" class=\"ngg-gallery-thumbnail-box\"  >\n\t\t<div class=\"ngg-gallery-thumbnail\" >\n\t\t\t<a href=\"http:\/\/jugend.mvfichtenberg.de\/wp-content\/gallery\/vorspielnachmittag-1-2-2015\/P2010448.JPG\"\n\t\t\t\ttitle=\" \"\n\t\t\t\tclass=\"ngg-fancybox\" rel=\"47f3cc4ec4c30c4abf3136d3cf13eaf3\" data-image-id=\"546\" data-src=\"http:\/\/jugend.mvfichtenberg.de\/wp-content\/gallery\/vorspielnachmittag-1-2-2015\/P2010448.JPG\" data-thumbnail=\"http:\/\/jugend.mvfichtenberg.de\/wp-content\/gallery\/vorspielnachmittag-1-2-2015\/thumbs\/thumbs_P2010448.JPG\" data-title=\"OLYMPUS DIGITAL CAMERA\" data-description=\" \" >\n\t\t\t\t\t\t\t\t<img title=\"OLYMPUS DIGITAL CAMERA\" alt=\"OLYMPUS DIGITAL CAMERA\" src=\"http:\/\/jugend.mvfichtenberg.de\/wp-content\/gallery\/vorspielnachmittag-1-2-2015\/thumbs\/thumbs_P2010448.JPG\" width='120' height='90' \/>\n\t\t\t\t\t\t\t<\/a>\n\t\t\t<span>\n\t\t\t \t\t\t<\/span>\n\t\t<\/div>\n\t<\/div>\n\t\t\t\t\t\t\t\n\t<div id=\"ngg-image-547\" class=\"ngg-gallery-thumbnail-box\"  >\n\t\t<div class=\"ngg-gallery-thumbnail\" >\n\t\t\t<a href=\"http:\/\/jugend.mvfichtenberg.de\/wp-content\/gallery\/vorspielnachmittag-1-2-2015\/P2010449.JPG\"\n\t\t\t\ttitle=\" \"\n\t\t\t\tclass=\"ngg-fancybox\" rel=\"47f3cc4ec4c30c4abf3136d3cf13eaf3\" data-image-id=\"547\" data-src=\"http:\/\/jugend.mvfichtenberg.de\/wp-content\/gallery\/vorspielnachmittag-1-2-2015\/P2010449.JPG\" data-thumbnail=\"http:\/\/jugend.mvfichtenberg.de\/wp-content\/gallery\/vorspielnachmittag-1-2-2015\/thumbs\/thumbs_P2010449.JPG\" data-title=\"OLYMPUS DIGITAL CAMERA\" data-description=\" \" >\n\t\t\t\t\t\t\t\t<img title=\"OLYMPUS DIGITAL CAMERA\" alt=\"OLYMPUS DIGITAL CAMERA\" src=\"http:\/\/jugend.mvfichtenberg.de\/wp-content\/gallery\/vorspielnachmittag-1-2-2015\/thumbs\/thumbs_P2010449.JPG\" width='120' height='90' \/>\n\t\t\t\t\t\t\t<\/a>\n\t\t\t<span>\n\t\t\t \t\t\t<\/span>\n\t\t<\/div>\n\t<\/div>\n\t\t\t\t\t\t\t\n\t<div id=\"ngg-image-548\" class=\"ngg-gallery-thumbnail-box\"  >\n\t\t<div class=\"ngg-gallery-thumbnail\" >\n\t\t\t<a href=\"http:\/\/jugend.mvfichtenberg.de\/wp-content\/gallery\/vorspielnachmittag-1-2-2015\/P2010450.JPG\"\n\t\t\t\ttitle=\" \"\n\t\t\t\tclass=\"ngg-fancybox\" rel=\"47f3cc4ec4c30c4abf3136d3cf13eaf3\" data-image-id=\"548\" data-src=\"http:\/\/jugend.mvfichtenberg.de\/wp-content\/gallery\/vorspielnachmittag-1-2-2015\/P2010450.JPG\" data-thumbnail=\"http:\/\/jugend.mvfichtenberg.de\/wp-content\/gallery\/vorspielnachmittag-1-2-2015\/thumbs\/thumbs_P2010450.JPG\" data-title=\"OLYMPUS DIGITAL CAMERA\" data-description=\" \" >\n\t\t\t\t\t\t\t\t<img title=\"OLYMPUS DIGITAL CAMERA\" alt=\"OLYMPUS DIGITAL CAMERA\" src=\"http:\/\/jugend.mvfichtenberg.de\/wp-content\/gallery\/vorspielnachmittag-1-2-2015\/thumbs\/thumbs_P2010450.JPG\" width='120' height='90' \/>\n\t\t\t\t\t\t\t<\/a>\n\t\t\t<span>\n\t\t\t \t\t\t<\/span>\n\t\t<\/div>\n\t<\/div>\n\t\t\t\t\t\t\t\n\t<div id=\"ngg-image-549\" class=\"ngg-gallery-thumbnail-box\"  >\n\t\t<div class=\"ngg-gallery-thumbnail\" >\n\t\t\t<a href=\"http:\/\/jugend.mvfichtenberg.de\/wp-content\/gallery\/vorspielnachmittag-1-2-2015\/P2010451.JPG\"\n\t\t\t\ttitle=\" \"\n\t\t\t\tclass=\"ngg-fancybox\" rel=\"47f3cc4ec4c30c4abf3136d3cf13eaf3\" data-image-id=\"549\" data-src=\"http:\/\/jugend.mvfichtenberg.de\/wp-content\/gallery\/vorspielnachmittag-1-2-2015\/P2010451.JPG\" data-thumbnail=\"http:\/\/jugend.mvfichtenberg.de\/wp-content\/gallery\/vorspielnachmittag-1-2-2015\/thumbs\/thumbs_P2010451.JPG\" data-title=\"OLYMPUS DIGITAL CAMERA\" data-description=\" \" >\n\t\t\t\t\t\t\t\t<img title=\"OLYMPUS DIGITAL CAMERA\" alt=\"OLYMPUS DIGITAL CAMERA\" src=\"http:\/\/jugend.mvfichtenberg.de\/wp-content\/gallery\/vorspielnachmittag-1-2-2015\/thumbs\/thumbs_P2010451.JPG\" width='120' height='90' \/>\n\t\t\t\t\t\t\t<\/a>\n\t\t\t<span>\n\t\t\t \t\t\t<\/span>\n\t\t<\/div>\n\t<\/div>\n\t\t\t\t\t\t\t\n\t<!-- Pagination -->\n\t\t<div class='ngg-navigation'><span class='current'>1<\/span>\n<a class='page-numbers' data-pageid='2' href='http:\/\/jugend.mvfichtenberg.de\/index.php\/nggallery\/page\/2?p=1562'>2<\/a>\n<a class='page-numbers' data-pageid='3' href='http:\/\/jugend.mvfichtenberg.de\/index.php\/nggallery\/page\/3?p=1562'>3<\/a>\n<a class='prev' href='http:\/\/jugend.mvfichtenberg.de\/index.php\/nggallery\/page\/2?p=1562' data-pageid=2>&#9658;<\/a><\/div>\n<\/div>\n\n\t<\/a><\/p>\n","protected":false},"excerpt":{"rendered":"<p>Der Nachwuchs vom Musikverein Fichtenberg stellt beim Vorspielnachmittag sein K\u00f6nnen unter Beweis. Es wurde dieses Mal das begehrte Juniorabzeichen an einige begabte Jungmusiker vergeben. In der Aula der Grundschule Fichtenberg ging es vergangenen Sonntagnachmittag hei\u00df her. Eltern, Geschwister, Gro\u00dfeltern und <a class=\"more-link\" href=\"http:\/\/jugend.mvfichtenberg.de\/?p=1562\">weiterlesen  <span class=\"screen-reader-text\">  Nachwuchs beim Vorspielnachmittag<\/span><span class=\"meta-nav\">&rarr;<\/span><\/a><\/p>\n","protected":false},"author":1,"featured_media":1565,"comment_status":"open","ping_status":"open","sticky":false,"template":"","format":"standard","meta":{"ngg_post_thumbnail":0,"footnotes":""},"categories":[3],"tags":[],"class_list":["post-1562","post","type-post","status-publish","format-standard","has-post-thumbnail","hentry","category-konzertauftritt"],"_links":{"self":[{"href":"http:\/\/jugend.mvfichtenberg.de\/index.php?rest_route=\/wp\/v2\/posts\/1562","targetHints":{"allow":["GET"]}}],"collection":[{"href":"http:\/\/jugend.mvfichtenberg.de\/index.php?rest_route=\/wp\/v2\/posts"}],"about":[{"href":"http:\/\/jugend.mvfichtenberg.de\/index.php?rest_route=\/wp\/v2\/types\/post"}],"author":[{"embeddable":true,"href":"http:\/\/jugend.mvfichtenberg.de\/index.php?rest_route=\/wp\/v2\/users\/1"}],"replies":[{"embeddable":true,"href":"http:\/\/jugend.mvfichtenberg.de\/index.php?rest_route=%2Fwp%2Fv2%2Fcomments&post=1562"}],"version-history":[{"count":4,"href":"http:\/\/jugend.mvfichtenberg.de\/index.php?rest_route=\/wp\/v2\/posts\/1562\/revisions"}],"predecessor-version":[{"id":1568,"href":"http:\/\/jugend.mvfichtenberg.de\/index.php?rest_route=\/wp\/v2\/posts\/1562\/revisions\/1568"}],"wp:featuredmedia":[{"embeddable":true,"href":"http:\/\/jugend.mvfichtenberg.de\/index.php?rest_route=\/wp\/v2\/media\/1565"}],"wp:attachment":[{"href":"http:\/\/jugend.mvfichtenberg.de\/index.php?rest_route=%2Fwp%2Fv2%2Fmedia&parent=1562"}],"wp:term":[{"taxonomy":"category","embeddable":true,"href":"http:\/\/jugend.mvfichtenberg.de\/index.php?rest_route=%2Fwp%2Fv2%2Fcategories&post=1562"},{"taxonomy":"post_tag","embeddable":true,"href":"http:\/\/jugend.mvfichtenberg.de\/index.php?rest_route=%2Fwp%2Fv2%2Ftags&post=1562"}],"curies":[{"name":"wp","href":"https:\/\/api.w.org\/{rel}","templated":true}]}}