{"id":2941,"date":"2015-11-29T12:52:24","date_gmt":"2015-11-29T11:52:24","guid":{"rendered":"http:\/\/jugend.mvfichtenberg.de\/?p=2941"},"modified":"2015-11-29T13:00:35","modified_gmt":"2015-11-29T12:00:35","slug":"17-fichtenberger-jungmusiker-absolvieren-d-lehrgang","status":"publish","type":"post","link":"http:\/\/jugend.mvfichtenberg.de\/?p=2941","title":{"rendered":"17 Fichtenberger Jungmusiker absolvieren D-Lehrgang"},"content":{"rendered":"<div class=\"fcbkbttn_buttons_block\" id=\"fcbkbttn_middle\"><div class=\"fb-share-button  \" data-href=\"http:\/\/jugend.mvfichtenberg.de\/?p=2941\" data-type=\"button\" data-size=\"small\"><\/div><\/div><dl class=\"wp-caption alignleft\" style=\"width: 130px;\">\n<dt class=\"wp-caption-dt\"><a href=\"http:\/\/jugend.mvfichtenberg.de\/index.php\/nggallery\/2015\/d1-lehrgang-gruendelhardt-2015?page_id=69\" target=\"_blank\"><img loading=\"lazy\" decoding=\"async\" class=\"ngg-singlepic ngg-left\" src=\"http:\/\/jugend.mvfichtenberg.de\/wp-content\/gallery\/d1-lehrgang-gruendelhardt-2015\/thumbs\/thumbs_IMG_3801.JPG\" alt=\"IMG_3801\" width=\"120\" height=\"90\" \/><\/a><\/dt>\n<dd class=\"wp-caption-dd\"><a href=\"http:\/\/jugend.mvfichtenberg.de\/index.php\/nggallery\/2015\/d1-lehrgang-gruendelhardt-2015?page_id=69\" target=\"_blank\">Lehrgangsorchester D-Lehrgang Gr\u00fcndelhardt<\/a><\/dd>\n<\/dl>\n<p>17 Jungmusiker aus Fichtenberg stellten sich in diesem Herbst den Herausforderungen des D1-Lehrgangs in Gr\u00fcndelhardt. Sowohl in Theorie als auch in der Praxis am Instrument konnten sie ihre musikalischen F\u00e4higkeiten weiterentwickeln. Aber auch das gemeinsame Spiel im Lehrgangsorchester war ein wichtiger und interessanter Punkt dieser Fortbildung.<\/p>\n<p>Neben den musikalischen Dingen kamen aber auch die sozialen Kompetenzen nicht zu kurz. So konnten viele Bekanntschaften mit den Musikern aus den anderen teilnehmenden Vereinen B\u00fchlerzell, Crailsheim, Gaildorf und Fronrot geschlossen werden. Anderswo wird n\u00e4mlich auch Blasmusik gemacht.<\/p>\n<p>Im Rahmen des Abschlusskonzertes des Lehrgangsorchesters am 28. November wurden dann vom Kreisvorsitzenden Martin Dasing die Ausweise und Nadel f\u00fcr die erfolgreiche Teilnahme\u00a0an die Jugendlichen\u00a0\u00fcbergeben.<\/p>\n","protected":false},"excerpt":{"rendered":"<p>Lehrgangsorchester D-Lehrgang Gr\u00fcndelhardt 17 Jungmusiker aus Fichtenberg stellten sich in diesem Herbst den Herausforderungen des D1-Lehrgangs in Gr\u00fcndelhardt. Sowohl in Theorie als auch in der Praxis am Instrument konnten sie ihre musikalischen F\u00e4higkeiten weiterentwickeln. Aber auch das gemeinsame Spiel im <a class=\"more-link\" href=\"http:\/\/jugend.mvfichtenberg.de\/?p=2941\">weiterlesen  <span class=\"screen-reader-text\">  17 Fichtenberger Jungmusiker absolvieren D-Lehrgang<\/span><span class=\"meta-nav\">&rarr;<\/span><\/a><\/p>\n","protected":false},"author":1,"featured_media":2946,"comment_status":"open","ping_status":"open","sticky":false,"template":"","format":"standard","meta":{"ngg_post_thumbnail":0,"footnotes":""},"categories":[4,3],"tags":[],"class_list":["post-2941","post","type-post","status-publish","format-standard","has-post-thumbnail","hentry","category-freizeitaussermusikalisch","category-konzertauftritt"],"_links":{"self":[{"href":"http:\/\/jugend.mvfichtenberg.de\/index.php?rest_route=\/wp\/v2\/posts\/2941","targetHints":{"allow":["GET"]}}],"collection":[{"href":"http:\/\/jugend.mvfichtenberg.de\/index.php?rest_route=\/wp\/v2\/posts"}],"about":[{"href":"http:\/\/jugend.mvfichtenberg.de\/index.php?rest_route=\/wp\/v2\/types\/post"}],"author":[{"embeddable":true,"href":"http:\/\/jugend.mvfichtenberg.de\/index.php?rest_route=\/wp\/v2\/users\/1"}],"replies":[{"embeddable":true,"href":"http:\/\/jugend.mvfichtenberg.de\/index.php?rest_route=%2Fwp%2Fv2%2Fcomments&post=2941"}],"version-history":[{"count":5,"href":"http:\/\/jugend.mvfichtenberg.de\/index.php?rest_route=\/wp\/v2\/posts\/2941\/revisions"}],"predecessor-version":[{"id":2949,"href":"http:\/\/jugend.mvfichtenberg.de\/index.php?rest_route=\/wp\/v2\/posts\/2941\/revisions\/2949"}],"wp:featuredmedia":[{"embeddable":true,"href":"http:\/\/jugend.mvfichtenberg.de\/index.php?rest_route=\/wp\/v2\/media\/2946"}],"wp:attachment":[{"href":"http:\/\/jugend.mvfichtenberg.de\/index.php?rest_route=%2Fwp%2Fv2%2Fmedia&parent=2941"}],"wp:term":[{"taxonomy":"category","embeddable":true,"href":"http:\/\/jugend.mvfichtenberg.de\/index.php?rest_route=%2Fwp%2Fv2%2Fcategories&post=2941"},{"taxonomy":"post_tag","embeddable":true,"href":"http:\/\/jugend.mvfichtenberg.de\/index.php?rest_route=%2Fwp%2Fv2%2Ftags&post=2941"}],"curies":[{"name":"wp","href":"https:\/\/api.w.org\/{rel}","templated":true}]}}