{"id":3081,"date":"2015-12-17T13:34:30","date_gmt":"2015-12-17T12:34:30","guid":{"rendered":"http:\/\/jugend.mvfichtenberg.de\/?p=3081"},"modified":"2015-12-18T10:46:38","modified_gmt":"2015-12-18T09:46:38","slug":"weihnachten-bei-der-jugend","status":"publish","type":"post","link":"http:\/\/jugend.mvfichtenberg.de\/?p=3081","title":{"rendered":"Weihnachten bei der Jugend"},"content":{"rendered":"<div class=\"fcbkbttn_buttons_block\" id=\"fcbkbttn_middle\"><div class=\"fb-share-button  \" data-href=\"http:\/\/jugend.mvfichtenberg.de\/?p=3081\" data-type=\"button\" data-size=\"small\"><\/div><\/div><p><a href=\"http:\/\/jugend.mvfichtenberg.de\/?page_id=69\"><img loading=\"lazy\" decoding=\"async\" class=\"alignleft wp-image-3084 size-medium\" src=\"http:\/\/jugend.mvfichtenberg.de\/wp-content\/uploads\/2015\/12\/DSC_1556-300x200.jpg\" alt=\"DSC_1556\" width=\"300\" height=\"200\" srcset=\"http:\/\/jugend.mvfichtenberg.de\/wp-content\/uploads\/2015\/12\/DSC_1556-300x200.jpg 300w, http:\/\/jugend.mvfichtenberg.de\/wp-content\/uploads\/2015\/12\/DSC_1556.jpg 900w\" sizes=\"auto, (max-width: 300px) 100vw, 300px\" \/><\/a>In der Weihnachtszeit l\u00e4uft die Jugend des Musikvereins nochmals zu H\u00f6chstform auf. Gleich drei Aktionen standen in der vorweihnachtlichen Zeit auf dem Terminplan der Jugend.<\/p>\n<p>Zuerst der traditionelle Auftritt der Jugendkapelle beim <strong>Altennachmittag<\/strong> der evangelischen Kirche am ersten Adventssonntag. Am dritten Advent findet dann der <strong>Fichtenberger Weihnachtsmarkt<\/strong> statt. Hier er\u00f6ffnet die Jugend musikalisch den Markt und betreibt anschliessend den ganzen Tag\u00a0\u00fcber eine Losbude mit weihnachtlichen Gewinnen. Zuletzt der Jahresabschluss mit einer internen <strong>Weihnachtsfeier<\/strong>.\u00a0Bei dieser\u00a0werden Bilder und Filme von den Jugendaktionen des Jahres gezeigt, kleine Spielchen gemacht und am Essen und Trinken wird auch nicht gespart.<\/p>\n<p><img loading=\"lazy\" decoding=\"async\" class=\"alignleft wp-image-3089 size-full\" src=\"http:\/\/jugend.mvfichtenberg.de\/wp-content\/uploads\/2015\/12\/Probenfleissigste20161.jpg\" alt=\"Probenfleissigste2016\" width=\"288\" height=\"572\" srcset=\"http:\/\/jugend.mvfichtenberg.de\/wp-content\/uploads\/2015\/12\/Probenfleissigste20161.jpg 288w, http:\/\/jugend.mvfichtenberg.de\/wp-content\/uploads\/2015\/12\/Probenfleissigste20161-151x300.jpg 151w\" sizes=\"auto, (max-width: 288px) 100vw, 288px\" \/>Au\u00dferdem bekamen die Musiker, die am h\u00e4ufigsten zur Probe kamen eine kleine Aufmerksamkeit von unserer stellvertretenden Jugendleiterin Janina \u00fcberreicht.\u00a0Lediglich einmal das ganze Jahr \u00fcber hatte Peter Weller in der Probe gefehlt. Den zweiten Platz (3 mal gefehlt) teilen sich Luisa K\u00fchnle und Anja Weller, gefolgt von Max Ebinger und Lena K\u00fcbler auf dem dritten Platz (viermal gefehlt).<\/p>\n<p>Bilder vom <a href=\"http:\/\/jugend.mvfichtenberg.de\/index.php\/nggallery\/2015\/altennachmittag-29-dezember-2015?page_id=69\" target=\"_blank\">Altennachmittag<\/a>, dem\u00a0<a href=\"http:\/\/jugend.mvfichtenberg.de\/index.php\/nggallery\/2015\/weihnachtsmarkt-13-dezember?page_id=69\" target=\"_blank\">Weihnachtsmarkt <\/a>und der <a href=\"http:\/\/jugend.mvfichtenberg.de\/index.php\/nggallery\/2015\/weihnachtsfeier-16-dezember?page_id=69\" target=\"_blank\">Weihnachtsfeier<\/a> finden Sie in unserer <a href=\"http:\/\/jugend.mvfichtenberg.de\/?page_id=69\" target=\"_blank\">Galerie<\/a>.<\/p>\n<p>Wir w\u00fcnschen allen frohe Weihnachten und einen guten Rutsch in\u00b4s neue Jahr.<\/p>\n<p>Die Jugend des Musikvereins.<\/p>\n","protected":false},"excerpt":{"rendered":"<p>In der Weihnachtszeit l\u00e4uft die Jugend des Musikvereins nochmals zu H\u00f6chstform auf. Gleich drei Aktionen standen in der vorweihnachtlichen Zeit auf dem Terminplan der Jugend. Zuerst der traditionelle Auftritt der Jugendkapelle beim Altennachmittag der evangelischen Kirche am ersten Adventssonntag. Am <a class=\"more-link\" href=\"http:\/\/jugend.mvfichtenberg.de\/?p=3081\">weiterlesen  <span class=\"screen-reader-text\">  Weihnachten bei der Jugend<\/span><span class=\"meta-nav\">&rarr;<\/span><\/a><\/p>\n","protected":false},"author":1,"featured_media":3084,"comment_status":"open","ping_status":"open","sticky":false,"template":"","format":"standard","meta":{"ngg_post_thumbnail":0,"footnotes":""},"categories":[1],"tags":[],"class_list":["post-3081","post","type-post","status-publish","format-standard","has-post-thumbnail","hentry","category-uncategorized"],"_links":{"self":[{"href":"http:\/\/jugend.mvfichtenberg.de\/index.php?rest_route=\/wp\/v2\/posts\/3081","targetHints":{"allow":["GET"]}}],"collection":[{"href":"http:\/\/jugend.mvfichtenberg.de\/index.php?rest_route=\/wp\/v2\/posts"}],"about":[{"href":"http:\/\/jugend.mvfichtenberg.de\/index.php?rest_route=\/wp\/v2\/types\/post"}],"author":[{"embeddable":true,"href":"http:\/\/jugend.mvfichtenberg.de\/index.php?rest_route=\/wp\/v2\/users\/1"}],"replies":[{"embeddable":true,"href":"http:\/\/jugend.mvfichtenberg.de\/index.php?rest_route=%2Fwp%2Fv2%2Fcomments&post=3081"}],"version-history":[{"count":8,"href":"http:\/\/jugend.mvfichtenberg.de\/index.php?rest_route=\/wp\/v2\/posts\/3081\/revisions"}],"predecessor-version":[{"id":3114,"href":"http:\/\/jugend.mvfichtenberg.de\/index.php?rest_route=\/wp\/v2\/posts\/3081\/revisions\/3114"}],"wp:featuredmedia":[{"embeddable":true,"href":"http:\/\/jugend.mvfichtenberg.de\/index.php?rest_route=\/wp\/v2\/media\/3084"}],"wp:attachment":[{"href":"http:\/\/jugend.mvfichtenberg.de\/index.php?rest_route=%2Fwp%2Fv2%2Fmedia&parent=3081"}],"wp:term":[{"taxonomy":"category","embeddable":true,"href":"http:\/\/jugend.mvfichtenberg.de\/index.php?rest_route=%2Fwp%2Fv2%2Fcategories&post=3081"},{"taxonomy":"post_tag","embeddable":true,"href":"http:\/\/jugend.mvfichtenberg.de\/index.php?rest_route=%2Fwp%2Fv2%2Ftags&post=3081"}],"curies":[{"name":"wp","href":"https:\/\/api.w.org\/{rel}","templated":true}]}}