{"id":3191,"date":"2016-04-01T06:54:34","date_gmt":"2016-04-01T04:54:34","guid":{"rendered":"http:\/\/jugend.mvfichtenberg.de\/?p=3191"},"modified":"2016-07-28T10:28:21","modified_gmt":"2016-07-28T08:28:21","slug":"vorspielnachmittag-21-02-2016","status":"publish","type":"post","link":"http:\/\/jugend.mvfichtenberg.de\/?p=3191","title":{"rendered":"Vorspielnachmittag 21.02.2016"},"content":{"rendered":"<div class=\"fcbkbttn_buttons_block\" id=\"fcbkbttn_middle\"><div class=\"fb-share-button  \" data-href=\"http:\/\/jugend.mvfichtenberg.de\/?p=3191\" data-type=\"button\" data-size=\"small\"><\/div><\/div><p><a href=\"http:\/\/jugend.mvfichtenberg.de\/wp-content\/uploads\/2016\/04\/P2210058.jpg\" rel=\"attachment wp-att-3192\"><img loading=\"lazy\" decoding=\"async\" class=\"alignleft size-large wp-image-3192\" src=\"http:\/\/jugend.mvfichtenberg.de\/wp-content\/uploads\/2016\/04\/P2210058-1024x723.jpg\" alt=\"Querfl\u00f6ten beim Vorspielnachmittag\" width=\"1024\" height=\"723\" srcset=\"http:\/\/jugend.mvfichtenberg.de\/wp-content\/uploads\/2016\/04\/P2210058.jpg 1024w, http:\/\/jugend.mvfichtenberg.de\/wp-content\/uploads\/2016\/04\/P2210058-300x212.jpg 300w, http:\/\/jugend.mvfichtenberg.de\/wp-content\/uploads\/2016\/04\/P2210058-768x542.jpg 768w\" sizes=\"auto, (max-width: 1024px) 100vw, 1024px\" \/><\/a>Der Nachwuchs des Musikverein Fichtenberg stellte am Sonntag, 21.02.2016 beim Vorspielnachmittag in der Grund- und Hauptschule Fichtenberg sein K\u00f6nnen unter Beweis.<\/p>\n<p>Die Bl\u00e4serklasse er\u00f6ffnete den Vorspielnachmittag mit insgesamt drei St\u00fccken und hatte dadurch ihren ersten gro\u00dfen Auftritt vor Publikum. Die Musiker der Bl\u00e4serklasse lernen erst seit letztem Herbst ein Instrument, was die hervorragende Leistung dieser Musiker noch unterstreicht. Entsprechend gut war daraufhin der Beifall von den insgesamt 60 interessierten Zuh\u00f6ren. Danach stellten weite Musiker, die sich in der Ausbildung befinden ihr K\u00f6nnen als Duett, Trio oder auch als Quartett unter Beweis. Dabei umrahmten die Ausbilder den Vorspielnachmittag mit netten Ankedoten \u00fcber ihre Sch\u00fcler. Bei Kaffee, Kuchen und toller Musik verging der Nachmittag wie im Flug.<\/p>\n<p>\n<div class=\"ngg-galleryoverview ngg-template-caption\" id=\"ngg-gallery-1ab87fedde42cbf2ad59dbf5e8627ef1-3191\">\n\n\t\t\t<!-- Slideshow link -->\n\t<div class=\"slideshowlink\">\n\t\t<a class=\"slideshowlink\" href=\"http:\/\/jugend.mvfichtenberg.de\/index.php\/nggallery\/slideshow?p=3191\">\n\t\t\t[Show slideshow]\t\t<\/a>\n\t<\/div>\n\n\t<!-- Thumbnails -->\n\t\t\t\t\n\t<div id=\"ngg-image-1251\" class=\"ngg-gallery-thumbnail-box\"  >\n\t\t<div class=\"ngg-gallery-thumbnail\" >\n\t\t\t<a href=\"http:\/\/jugend.mvfichtenberg.de\/wp-content\/gallery\/vorspielnachmittag-21-2-2016\/20160221_150529.jpg\"\n\t\t\t\ttitle=\" \"\n\t\t\t\tclass=\"ngg-fancybox\" rel=\"1ab87fedde42cbf2ad59dbf5e8627ef1\" data-image-id=\"1251\" data-src=\"http:\/\/jugend.mvfichtenberg.de\/wp-content\/gallery\/vorspielnachmittag-21-2-2016\/20160221_150529.jpg\" data-thumbnail=\"http:\/\/jugend.mvfichtenberg.de\/wp-content\/gallery\/vorspielnachmittag-21-2-2016\/thumbs\/thumbs_20160221_150529.jpg\" data-title=\"20160221_150529\" data-description=\" \" >\n\t\t\t\t\t\t\t\t<img title=\"20160221_150529\" alt=\"20160221_150529\" src=\"http:\/\/jugend.mvfichtenberg.de\/wp-content\/gallery\/vorspielnachmittag-21-2-2016\/thumbs\/thumbs_20160221_150529.jpg\" width='120' height='90' \/>\n\t\t\t\t\t\t\t<\/a>\n\t\t\t<span>\n\t\t\t \t\t\t<\/span>\n\t\t<\/div>\n\t<\/div>\n\t\t\t\t\t\t\t\n\t<div id=\"ngg-image-1252\" class=\"ngg-gallery-thumbnail-box\"  >\n\t\t<div class=\"ngg-gallery-thumbnail\" >\n\t\t\t<a href=\"http:\/\/jugend.mvfichtenberg.de\/wp-content\/gallery\/vorspielnachmittag-21-2-2016\/20160221_151202.jpg\"\n\t\t\t\ttitle=\" \"\n\t\t\t\tclass=\"ngg-fancybox\" rel=\"1ab87fedde42cbf2ad59dbf5e8627ef1\" data-image-id=\"1252\" data-src=\"http:\/\/jugend.mvfichtenberg.de\/wp-content\/gallery\/vorspielnachmittag-21-2-2016\/20160221_151202.jpg\" data-thumbnail=\"http:\/\/jugend.mvfichtenberg.de\/wp-content\/gallery\/vorspielnachmittag-21-2-2016\/thumbs\/thumbs_20160221_151202.jpg\" data-title=\"20160221_151202\" data-description=\" \" >\n\t\t\t\t\t\t\t\t<img title=\"20160221_151202\" alt=\"20160221_151202\" src=\"http:\/\/jugend.mvfichtenberg.de\/wp-content\/gallery\/vorspielnachmittag-21-2-2016\/thumbs\/thumbs_20160221_151202.jpg\" width='120' height='90' \/>\n\t\t\t\t\t\t\t<\/a>\n\t\t\t<span>\n\t\t\t \t\t\t<\/span>\n\t\t<\/div>\n\t<\/div>\n\t\t\t\t\t\t\t\n\t<div id=\"ngg-image-1253\" class=\"ngg-gallery-thumbnail-box\"  >\n\t\t<div class=\"ngg-gallery-thumbnail\" >\n\t\t\t<a href=\"http:\/\/jugend.mvfichtenberg.de\/wp-content\/gallery\/vorspielnachmittag-21-2-2016\/20160221_151223.jpg\"\n\t\t\t\ttitle=\" \"\n\t\t\t\tclass=\"ngg-fancybox\" rel=\"1ab87fedde42cbf2ad59dbf5e8627ef1\" data-image-id=\"1253\" data-src=\"http:\/\/jugend.mvfichtenberg.de\/wp-content\/gallery\/vorspielnachmittag-21-2-2016\/20160221_151223.jpg\" data-thumbnail=\"http:\/\/jugend.mvfichtenberg.de\/wp-content\/gallery\/vorspielnachmittag-21-2-2016\/thumbs\/thumbs_20160221_151223.jpg\" data-title=\"20160221_151223\" data-description=\" \" >\n\t\t\t\t\t\t\t\t<img title=\"20160221_151223\" alt=\"20160221_151223\" src=\"http:\/\/jugend.mvfichtenberg.de\/wp-content\/gallery\/vorspielnachmittag-21-2-2016\/thumbs\/thumbs_20160221_151223.jpg\" width='120' height='90' \/>\n\t\t\t\t\t\t\t<\/a>\n\t\t\t<span>\n\t\t\t \t\t\t<\/span>\n\t\t<\/div>\n\t<\/div>\n\t\t\t\t\t\t\t\n\t<div id=\"ngg-image-1254\" class=\"ngg-gallery-thumbnail-box\"  >\n\t\t<div class=\"ngg-gallery-thumbnail\" >\n\t\t\t<a href=\"http:\/\/jugend.mvfichtenberg.de\/wp-content\/gallery\/vorspielnachmittag-21-2-2016\/20160221_151240.jpg\"\n\t\t\t\ttitle=\" \"\n\t\t\t\tclass=\"ngg-fancybox\" rel=\"1ab87fedde42cbf2ad59dbf5e8627ef1\" data-image-id=\"1254\" data-src=\"http:\/\/jugend.mvfichtenberg.de\/wp-content\/gallery\/vorspielnachmittag-21-2-2016\/20160221_151240.jpg\" data-thumbnail=\"http:\/\/jugend.mvfichtenberg.de\/wp-content\/gallery\/vorspielnachmittag-21-2-2016\/thumbs\/thumbs_20160221_151240.jpg\" data-title=\"20160221_151240\" data-description=\" \" >\n\t\t\t\t\t\t\t\t<img title=\"20160221_151240\" alt=\"20160221_151240\" src=\"http:\/\/jugend.mvfichtenberg.de\/wp-content\/gallery\/vorspielnachmittag-21-2-2016\/thumbs\/thumbs_20160221_151240.jpg\" width='120' height='90' \/>\n\t\t\t\t\t\t\t<\/a>\n\t\t\t<span>\n\t\t\t \t\t\t<\/span>\n\t\t<\/div>\n\t<\/div>\n\t\t\t\t\t\t\t\n\t<div id=\"ngg-image-1255\" class=\"ngg-gallery-thumbnail-box\"  >\n\t\t<div class=\"ngg-gallery-thumbnail\" >\n\t\t\t<a href=\"http:\/\/jugend.mvfichtenberg.de\/wp-content\/gallery\/vorspielnachmittag-21-2-2016\/20160221_1513191.jpg\"\n\t\t\t\ttitle=\" \"\n\t\t\t\tclass=\"ngg-fancybox\" rel=\"1ab87fedde42cbf2ad59dbf5e8627ef1\" data-image-id=\"1255\" data-src=\"http:\/\/jugend.mvfichtenberg.de\/wp-content\/gallery\/vorspielnachmittag-21-2-2016\/20160221_1513191.jpg\" data-thumbnail=\"http:\/\/jugend.mvfichtenberg.de\/wp-content\/gallery\/vorspielnachmittag-21-2-2016\/thumbs\/thumbs_20160221_1513191.jpg\" data-title=\"20160221_151319[1]\" data-description=\" \" >\n\t\t\t\t\t\t\t\t<img title=\"20160221_151319[1]\" alt=\"20160221_151319[1]\" src=\"http:\/\/jugend.mvfichtenberg.de\/wp-content\/gallery\/vorspielnachmittag-21-2-2016\/thumbs\/thumbs_20160221_1513191.jpg\" width='120' height='90' \/>\n\t\t\t\t\t\t\t<\/a>\n\t\t\t<span>\n\t\t\t \t\t\t<\/span>\n\t\t<\/div>\n\t<\/div>\n\t\t\t\t\t\t\t\n\t<div id=\"ngg-image-1256\" class=\"ngg-gallery-thumbnail-box\"  >\n\t\t<div class=\"ngg-gallery-thumbnail\" >\n\t\t\t<a href=\"http:\/\/jugend.mvfichtenberg.de\/wp-content\/gallery\/vorspielnachmittag-21-2-2016\/20160221_151659.jpg\"\n\t\t\t\ttitle=\" \"\n\t\t\t\tclass=\"ngg-fancybox\" rel=\"1ab87fedde42cbf2ad59dbf5e8627ef1\" data-image-id=\"1256\" data-src=\"http:\/\/jugend.mvfichtenberg.de\/wp-content\/gallery\/vorspielnachmittag-21-2-2016\/20160221_151659.jpg\" data-thumbnail=\"http:\/\/jugend.mvfichtenberg.de\/wp-content\/gallery\/vorspielnachmittag-21-2-2016\/thumbs\/thumbs_20160221_151659.jpg\" data-title=\"20160221_151659\" data-description=\" \" >\n\t\t\t\t\t\t\t\t<img title=\"20160221_151659\" alt=\"20160221_151659\" src=\"http:\/\/jugend.mvfichtenberg.de\/wp-content\/gallery\/vorspielnachmittag-21-2-2016\/thumbs\/thumbs_20160221_151659.jpg\" width='120' height='90' \/>\n\t\t\t\t\t\t\t<\/a>\n\t\t\t<span>\n\t\t\t \t\t\t<\/span>\n\t\t<\/div>\n\t<\/div>\n\t\t\t\t\t\t\t\n\t<div id=\"ngg-image-1257\" class=\"ngg-gallery-thumbnail-box\"  >\n\t\t<div class=\"ngg-gallery-thumbnail\" >\n\t\t\t<a href=\"http:\/\/jugend.mvfichtenberg.de\/wp-content\/gallery\/vorspielnachmittag-21-2-2016\/20160221_152515.jpg\"\n\t\t\t\ttitle=\" \"\n\t\t\t\tclass=\"ngg-fancybox\" rel=\"1ab87fedde42cbf2ad59dbf5e8627ef1\" data-image-id=\"1257\" data-src=\"http:\/\/jugend.mvfichtenberg.de\/wp-content\/gallery\/vorspielnachmittag-21-2-2016\/20160221_152515.jpg\" data-thumbnail=\"http:\/\/jugend.mvfichtenberg.de\/wp-content\/gallery\/vorspielnachmittag-21-2-2016\/thumbs\/thumbs_20160221_152515.jpg\" data-title=\"20160221_152515\" data-description=\" \" >\n\t\t\t\t\t\t\t\t<img title=\"20160221_152515\" alt=\"20160221_152515\" src=\"http:\/\/jugend.mvfichtenberg.de\/wp-content\/gallery\/vorspielnachmittag-21-2-2016\/thumbs\/thumbs_20160221_152515.jpg\" width='120' height='90' \/>\n\t\t\t\t\t\t\t<\/a>\n\t\t\t<span>\n\t\t\t \t\t\t<\/span>\n\t\t<\/div>\n\t<\/div>\n\t\t\t\t\t\t\t\n\t<div id=\"ngg-image-1258\" class=\"ngg-gallery-thumbnail-box\"  >\n\t\t<div class=\"ngg-gallery-thumbnail\" >\n\t\t\t<a href=\"http:\/\/jugend.mvfichtenberg.de\/wp-content\/gallery\/vorspielnachmittag-21-2-2016\/20160221_155945.jpg\"\n\t\t\t\ttitle=\" \"\n\t\t\t\tclass=\"ngg-fancybox\" rel=\"1ab87fedde42cbf2ad59dbf5e8627ef1\" data-image-id=\"1258\" data-src=\"http:\/\/jugend.mvfichtenberg.de\/wp-content\/gallery\/vorspielnachmittag-21-2-2016\/20160221_155945.jpg\" data-thumbnail=\"http:\/\/jugend.mvfichtenberg.de\/wp-content\/gallery\/vorspielnachmittag-21-2-2016\/thumbs\/thumbs_20160221_155945.jpg\" data-title=\"20160221_155945\" data-description=\" \" >\n\t\t\t\t\t\t\t\t<img title=\"20160221_155945\" alt=\"20160221_155945\" src=\"http:\/\/jugend.mvfichtenberg.de\/wp-content\/gallery\/vorspielnachmittag-21-2-2016\/thumbs\/thumbs_20160221_155945.jpg\" width='120' height='90' \/>\n\t\t\t\t\t\t\t<\/a>\n\t\t\t<span>\n\t\t\t \t\t\t<\/span>\n\t\t<\/div>\n\t<\/div>\n\t\t\t\t\t\t\t\n\t<div id=\"ngg-image-1259\" class=\"ngg-gallery-thumbnail-box\"  >\n\t\t<div class=\"ngg-gallery-thumbnail\" >\n\t\t\t<a href=\"http:\/\/jugend.mvfichtenberg.de\/wp-content\/gallery\/vorspielnachmittag-21-2-2016\/20160221_161119.jpg\"\n\t\t\t\ttitle=\" \"\n\t\t\t\tclass=\"ngg-fancybox\" rel=\"1ab87fedde42cbf2ad59dbf5e8627ef1\" data-image-id=\"1259\" data-src=\"http:\/\/jugend.mvfichtenberg.de\/wp-content\/gallery\/vorspielnachmittag-21-2-2016\/20160221_161119.jpg\" data-thumbnail=\"http:\/\/jugend.mvfichtenberg.de\/wp-content\/gallery\/vorspielnachmittag-21-2-2016\/thumbs\/thumbs_20160221_161119.jpg\" data-title=\"20160221_161119\" data-description=\" \" >\n\t\t\t\t\t\t\t\t<img title=\"20160221_161119\" alt=\"20160221_161119\" src=\"http:\/\/jugend.mvfichtenberg.de\/wp-content\/gallery\/vorspielnachmittag-21-2-2016\/thumbs\/thumbs_20160221_161119.jpg\" width='120' height='90' \/>\n\t\t\t\t\t\t\t<\/a>\n\t\t\t<span>\n\t\t\t \t\t\t<\/span>\n\t\t<\/div>\n\t<\/div>\n\t\t\t\t\t\t\t\n\t<div id=\"ngg-image-1260\" class=\"ngg-gallery-thumbnail-box\"  >\n\t\t<div class=\"ngg-gallery-thumbnail\" >\n\t\t\t<a href=\"http:\/\/jugend.mvfichtenberg.de\/wp-content\/gallery\/vorspielnachmittag-21-2-2016\/20160221_161150.jpg\"\n\t\t\t\ttitle=\" \"\n\t\t\t\tclass=\"ngg-fancybox\" rel=\"1ab87fedde42cbf2ad59dbf5e8627ef1\" data-image-id=\"1260\" data-src=\"http:\/\/jugend.mvfichtenberg.de\/wp-content\/gallery\/vorspielnachmittag-21-2-2016\/20160221_161150.jpg\" data-thumbnail=\"http:\/\/jugend.mvfichtenberg.de\/wp-content\/gallery\/vorspielnachmittag-21-2-2016\/thumbs\/thumbs_20160221_161150.jpg\" data-title=\"20160221_161150\" data-description=\" \" >\n\t\t\t\t\t\t\t\t<img title=\"20160221_161150\" alt=\"20160221_161150\" src=\"http:\/\/jugend.mvfichtenberg.de\/wp-content\/gallery\/vorspielnachmittag-21-2-2016\/thumbs\/thumbs_20160221_161150.jpg\" width='120' height='90' \/>\n\t\t\t\t\t\t\t<\/a>\n\t\t\t<span>\n\t\t\t \t\t\t<\/span>\n\t\t<\/div>\n\t<\/div>\n\t\t\t\t\t\t\t\n\t<div id=\"ngg-image-1261\" class=\"ngg-gallery-thumbnail-box\"  >\n\t\t<div class=\"ngg-gallery-thumbnail\" >\n\t\t\t<a href=\"http:\/\/jugend.mvfichtenberg.de\/wp-content\/gallery\/vorspielnachmittag-21-2-2016\/20160221_161200.jpg\"\n\t\t\t\ttitle=\" \"\n\t\t\t\tclass=\"ngg-fancybox\" rel=\"1ab87fedde42cbf2ad59dbf5e8627ef1\" data-image-id=\"1261\" data-src=\"http:\/\/jugend.mvfichtenberg.de\/wp-content\/gallery\/vorspielnachmittag-21-2-2016\/20160221_161200.jpg\" data-thumbnail=\"http:\/\/jugend.mvfichtenberg.de\/wp-content\/gallery\/vorspielnachmittag-21-2-2016\/thumbs\/thumbs_20160221_161200.jpg\" data-title=\"20160221_161200\" data-description=\" \" >\n\t\t\t\t\t\t\t\t<img title=\"20160221_161200\" alt=\"20160221_161200\" src=\"http:\/\/jugend.mvfichtenberg.de\/wp-content\/gallery\/vorspielnachmittag-21-2-2016\/thumbs\/thumbs_20160221_161200.jpg\" width='120' height='90' \/>\n\t\t\t\t\t\t\t<\/a>\n\t\t\t<span>\n\t\t\t \t\t\t<\/span>\n\t\t<\/div>\n\t<\/div>\n\t\t\t\t\t\t\t\n\t<div id=\"ngg-image-1262\" class=\"ngg-gallery-thumbnail-box\"  >\n\t\t<div class=\"ngg-gallery-thumbnail\" >\n\t\t\t<a href=\"http:\/\/jugend.mvfichtenberg.de\/wp-content\/gallery\/vorspielnachmittag-21-2-2016\/P2210052.JPG\"\n\t\t\t\ttitle=\" \"\n\t\t\t\tclass=\"ngg-fancybox\" rel=\"1ab87fedde42cbf2ad59dbf5e8627ef1\" data-image-id=\"1262\" data-src=\"http:\/\/jugend.mvfichtenberg.de\/wp-content\/gallery\/vorspielnachmittag-21-2-2016\/P2210052.JPG\" data-thumbnail=\"http:\/\/jugend.mvfichtenberg.de\/wp-content\/gallery\/vorspielnachmittag-21-2-2016\/thumbs\/thumbs_P2210052.JPG\" data-title=\"OLYMPUS DIGITAL CAMERA\" data-description=\" \" >\n\t\t\t\t\t\t\t\t<img title=\"OLYMPUS DIGITAL CAMERA\" alt=\"OLYMPUS DIGITAL CAMERA\" src=\"http:\/\/jugend.mvfichtenberg.de\/wp-content\/gallery\/vorspielnachmittag-21-2-2016\/thumbs\/thumbs_P2210052.JPG\" width='120' height='90' \/>\n\t\t\t\t\t\t\t<\/a>\n\t\t\t<span>\n\t\t\t \t\t\t<\/span>\n\t\t<\/div>\n\t<\/div>\n\t\t\t\t\t\t\t\n\t<div id=\"ngg-image-1263\" class=\"ngg-gallery-thumbnail-box\"  >\n\t\t<div class=\"ngg-gallery-thumbnail\" >\n\t\t\t<a href=\"http:\/\/jugend.mvfichtenberg.de\/wp-content\/gallery\/vorspielnachmittag-21-2-2016\/P2210053.JPG\"\n\t\t\t\ttitle=\" \"\n\t\t\t\tclass=\"ngg-fancybox\" rel=\"1ab87fedde42cbf2ad59dbf5e8627ef1\" data-image-id=\"1263\" data-src=\"http:\/\/jugend.mvfichtenberg.de\/wp-content\/gallery\/vorspielnachmittag-21-2-2016\/P2210053.JPG\" data-thumbnail=\"http:\/\/jugend.mvfichtenberg.de\/wp-content\/gallery\/vorspielnachmittag-21-2-2016\/thumbs\/thumbs_P2210053.JPG\" data-title=\"OLYMPUS DIGITAL CAMERA\" data-description=\" \" >\n\t\t\t\t\t\t\t\t<img title=\"OLYMPUS DIGITAL CAMERA\" alt=\"OLYMPUS DIGITAL CAMERA\" src=\"http:\/\/jugend.mvfichtenberg.de\/wp-content\/gallery\/vorspielnachmittag-21-2-2016\/thumbs\/thumbs_P2210053.JPG\" width='120' height='90' \/>\n\t\t\t\t\t\t\t<\/a>\n\t\t\t<span>\n\t\t\t \t\t\t<\/span>\n\t\t<\/div>\n\t<\/div>\n\t\t\t\t\t\t\t\n\t<div id=\"ngg-image-1264\" class=\"ngg-gallery-thumbnail-box\"  >\n\t\t<div class=\"ngg-gallery-thumbnail\" >\n\t\t\t<a href=\"http:\/\/jugend.mvfichtenberg.de\/wp-content\/gallery\/vorspielnachmittag-21-2-2016\/P2210054.JPG\"\n\t\t\t\ttitle=\" \"\n\t\t\t\tclass=\"ngg-fancybox\" rel=\"1ab87fedde42cbf2ad59dbf5e8627ef1\" data-image-id=\"1264\" data-src=\"http:\/\/jugend.mvfichtenberg.de\/wp-content\/gallery\/vorspielnachmittag-21-2-2016\/P2210054.JPG\" data-thumbnail=\"http:\/\/jugend.mvfichtenberg.de\/wp-content\/gallery\/vorspielnachmittag-21-2-2016\/thumbs\/thumbs_P2210054.JPG\" data-title=\"OLYMPUS DIGITAL CAMERA\" data-description=\" \" >\n\t\t\t\t\t\t\t\t<img title=\"OLYMPUS DIGITAL CAMERA\" alt=\"OLYMPUS DIGITAL CAMERA\" src=\"http:\/\/jugend.mvfichtenberg.de\/wp-content\/gallery\/vorspielnachmittag-21-2-2016\/thumbs\/thumbs_P2210054.JPG\" width='120' height='90' \/>\n\t\t\t\t\t\t\t<\/a>\n\t\t\t<span>\n\t\t\t \t\t\t<\/span>\n\t\t<\/div>\n\t<\/div>\n\t\t\t\t\t\t\t\n\t<div id=\"ngg-image-1265\" class=\"ngg-gallery-thumbnail-box\"  >\n\t\t<div class=\"ngg-gallery-thumbnail\" >\n\t\t\t<a href=\"http:\/\/jugend.mvfichtenberg.de\/wp-content\/gallery\/vorspielnachmittag-21-2-2016\/P2210055.JPG\"\n\t\t\t\ttitle=\" \"\n\t\t\t\tclass=\"ngg-fancybox\" rel=\"1ab87fedde42cbf2ad59dbf5e8627ef1\" data-image-id=\"1265\" data-src=\"http:\/\/jugend.mvfichtenberg.de\/wp-content\/gallery\/vorspielnachmittag-21-2-2016\/P2210055.JPG\" data-thumbnail=\"http:\/\/jugend.mvfichtenberg.de\/wp-content\/gallery\/vorspielnachmittag-21-2-2016\/thumbs\/thumbs_P2210055.JPG\" data-title=\"OLYMPUS DIGITAL CAMERA\" data-description=\" \" >\n\t\t\t\t\t\t\t\t<img title=\"OLYMPUS DIGITAL CAMERA\" alt=\"OLYMPUS DIGITAL CAMERA\" src=\"http:\/\/jugend.mvfichtenberg.de\/wp-content\/gallery\/vorspielnachmittag-21-2-2016\/thumbs\/thumbs_P2210055.JPG\" width='120' height='90' \/>\n\t\t\t\t\t\t\t<\/a>\n\t\t\t<span>\n\t\t\t \t\t\t<\/span>\n\t\t<\/div>\n\t<\/div>\n\t\t\t\t\t\t\t\n\t<div id=\"ngg-image-1266\" class=\"ngg-gallery-thumbnail-box\"  >\n\t\t<div class=\"ngg-gallery-thumbnail\" >\n\t\t\t<a href=\"http:\/\/jugend.mvfichtenberg.de\/wp-content\/gallery\/vorspielnachmittag-21-2-2016\/P2210056.JPG\"\n\t\t\t\ttitle=\" \"\n\t\t\t\tclass=\"ngg-fancybox\" rel=\"1ab87fedde42cbf2ad59dbf5e8627ef1\" data-image-id=\"1266\" data-src=\"http:\/\/jugend.mvfichtenberg.de\/wp-content\/gallery\/vorspielnachmittag-21-2-2016\/P2210056.JPG\" data-thumbnail=\"http:\/\/jugend.mvfichtenberg.de\/wp-content\/gallery\/vorspielnachmittag-21-2-2016\/thumbs\/thumbs_P2210056.JPG\" data-title=\"OLYMPUS DIGITAL CAMERA\" data-description=\" \" >\n\t\t\t\t\t\t\t\t<img title=\"OLYMPUS DIGITAL CAMERA\" alt=\"OLYMPUS DIGITAL CAMERA\" src=\"http:\/\/jugend.mvfichtenberg.de\/wp-content\/gallery\/vorspielnachmittag-21-2-2016\/thumbs\/thumbs_P2210056.JPG\" width='120' height='90' \/>\n\t\t\t\t\t\t\t<\/a>\n\t\t\t<span>\n\t\t\t \t\t\t<\/span>\n\t\t<\/div>\n\t<\/div>\n\t\t\t\t\t\t\t\n\t<div id=\"ngg-image-1267\" class=\"ngg-gallery-thumbnail-box\"  >\n\t\t<div class=\"ngg-gallery-thumbnail\" >\n\t\t\t<a href=\"http:\/\/jugend.mvfichtenberg.de\/wp-content\/gallery\/vorspielnachmittag-21-2-2016\/P2210058.JPG\"\n\t\t\t\ttitle=\" \"\n\t\t\t\tclass=\"ngg-fancybox\" rel=\"1ab87fedde42cbf2ad59dbf5e8627ef1\" data-image-id=\"1267\" data-src=\"http:\/\/jugend.mvfichtenberg.de\/wp-content\/gallery\/vorspielnachmittag-21-2-2016\/P2210058.JPG\" data-thumbnail=\"http:\/\/jugend.mvfichtenberg.de\/wp-content\/gallery\/vorspielnachmittag-21-2-2016\/thumbs\/thumbs_P2210058.JPG\" data-title=\"OLYMPUS DIGITAL CAMERA\" data-description=\" \" >\n\t\t\t\t\t\t\t\t<img title=\"OLYMPUS DIGITAL CAMERA\" alt=\"OLYMPUS DIGITAL CAMERA\" src=\"http:\/\/jugend.mvfichtenberg.de\/wp-content\/gallery\/vorspielnachmittag-21-2-2016\/thumbs\/thumbs_P2210058.JPG\" width='120' height='90' \/>\n\t\t\t\t\t\t\t<\/a>\n\t\t\t<span>\n\t\t\t \t\t\t<\/span>\n\t\t<\/div>\n\t<\/div>\n\t\t\t\t\t\t\t\n\t<div id=\"ngg-image-1268\" class=\"ngg-gallery-thumbnail-box\"  >\n\t\t<div class=\"ngg-gallery-thumbnail\" >\n\t\t\t<a href=\"http:\/\/jugend.mvfichtenberg.de\/wp-content\/gallery\/vorspielnachmittag-21-2-2016\/P2210059.JPG\"\n\t\t\t\ttitle=\" \"\n\t\t\t\tclass=\"ngg-fancybox\" rel=\"1ab87fedde42cbf2ad59dbf5e8627ef1\" data-image-id=\"1268\" data-src=\"http:\/\/jugend.mvfichtenberg.de\/wp-content\/gallery\/vorspielnachmittag-21-2-2016\/P2210059.JPG\" data-thumbnail=\"http:\/\/jugend.mvfichtenberg.de\/wp-content\/gallery\/vorspielnachmittag-21-2-2016\/thumbs\/thumbs_P2210059.JPG\" data-title=\"OLYMPUS DIGITAL CAMERA\" data-description=\" \" >\n\t\t\t\t\t\t\t\t<img title=\"OLYMPUS DIGITAL CAMERA\" alt=\"OLYMPUS DIGITAL CAMERA\" src=\"http:\/\/jugend.mvfichtenberg.de\/wp-content\/gallery\/vorspielnachmittag-21-2-2016\/thumbs\/thumbs_P2210059.JPG\" width='120' height='90' \/>\n\t\t\t\t\t\t\t<\/a>\n\t\t\t<span>\n\t\t\t \t\t\t<\/span>\n\t\t<\/div>\n\t<\/div>\n\t\t\t\t\t\t\t\n\t<div id=\"ngg-image-1269\" class=\"ngg-gallery-thumbnail-box\"  >\n\t\t<div class=\"ngg-gallery-thumbnail\" >\n\t\t\t<a href=\"http:\/\/jugend.mvfichtenberg.de\/wp-content\/gallery\/vorspielnachmittag-21-2-2016\/P2210061.JPG\"\n\t\t\t\ttitle=\" \"\n\t\t\t\tclass=\"ngg-fancybox\" rel=\"1ab87fedde42cbf2ad59dbf5e8627ef1\" data-image-id=\"1269\" data-src=\"http:\/\/jugend.mvfichtenberg.de\/wp-content\/gallery\/vorspielnachmittag-21-2-2016\/P2210061.JPG\" data-thumbnail=\"http:\/\/jugend.mvfichtenberg.de\/wp-content\/gallery\/vorspielnachmittag-21-2-2016\/thumbs\/thumbs_P2210061.JPG\" data-title=\"OLYMPUS DIGITAL CAMERA\" data-description=\" \" >\n\t\t\t\t\t\t\t\t<img title=\"OLYMPUS DIGITAL CAMERA\" alt=\"OLYMPUS DIGITAL CAMERA\" src=\"http:\/\/jugend.mvfichtenberg.de\/wp-content\/gallery\/vorspielnachmittag-21-2-2016\/thumbs\/thumbs_P2210061.JPG\" width='120' height='90' \/>\n\t\t\t\t\t\t\t<\/a>\n\t\t\t<span>\n\t\t\t \t\t\t<\/span>\n\t\t<\/div>\n\t<\/div>\n\t\t\t\t\t\t\t\n\t<div id=\"ngg-image-1270\" class=\"ngg-gallery-thumbnail-box\"  >\n\t\t<div class=\"ngg-gallery-thumbnail\" >\n\t\t\t<a href=\"http:\/\/jugend.mvfichtenberg.de\/wp-content\/gallery\/vorspielnachmittag-21-2-2016\/P2210062.JPG\"\n\t\t\t\ttitle=\" \"\n\t\t\t\tclass=\"ngg-fancybox\" rel=\"1ab87fedde42cbf2ad59dbf5e8627ef1\" data-image-id=\"1270\" data-src=\"http:\/\/jugend.mvfichtenberg.de\/wp-content\/gallery\/vorspielnachmittag-21-2-2016\/P2210062.JPG\" data-thumbnail=\"http:\/\/jugend.mvfichtenberg.de\/wp-content\/gallery\/vorspielnachmittag-21-2-2016\/thumbs\/thumbs_P2210062.JPG\" data-title=\"OLYMPUS DIGITAL CAMERA\" data-description=\" \" >\n\t\t\t\t\t\t\t\t<img title=\"OLYMPUS DIGITAL CAMERA\" alt=\"OLYMPUS DIGITAL CAMERA\" src=\"http:\/\/jugend.mvfichtenberg.de\/wp-content\/gallery\/vorspielnachmittag-21-2-2016\/thumbs\/thumbs_P2210062.JPG\" width='120' height='90' \/>\n\t\t\t\t\t\t\t<\/a>\n\t\t\t<span>\n\t\t\t \t\t\t<\/span>\n\t\t<\/div>\n\t<\/div>\n\t\t\t\t\t\t\t\n\t<!-- Pagination -->\n\t\t<div class='ngg-navigation'><span class='current'>1<\/span>\n<a class='page-numbers' data-pageid='2' href='http:\/\/jugend.mvfichtenberg.de\/index.php\/nggallery\/page\/2?p=3191'>2<\/a>\n<a class='prev' href='http:\/\/jugend.mvfichtenberg.de\/index.php\/nggallery\/page\/2?p=3191' data-pageid=2>&#9658;<\/a><\/div>\n<\/div>\n\n\t<\/p>\n","protected":false},"excerpt":{"rendered":"<p>Der Nachwuchs des Musikverein Fichtenberg stellte am Sonntag, 21.02.2016 beim Vorspielnachmittag in der Grund- und Hauptschule Fichtenberg sein K\u00f6nnen unter Beweis. Die Bl\u00e4serklasse er\u00f6ffnete den Vorspielnachmittag mit insgesamt drei St\u00fccken und hatte dadurch ihren ersten gro\u00dfen Auftritt vor Publikum. Die <a class=\"more-link\" href=\"http:\/\/jugend.mvfichtenberg.de\/?p=3191\">weiterlesen  <span class=\"screen-reader-text\">  Vorspielnachmittag 21.02.2016<\/span><span class=\"meta-nav\">&rarr;<\/span><\/a><\/p>\n","protected":false},"author":3,"featured_media":3192,"comment_status":"open","ping_status":"open","sticky":false,"template":"","format":"standard","meta":{"ngg_post_thumbnail":0,"footnotes":""},"categories":[3],"tags":[],"class_list":["post-3191","post","type-post","status-publish","format-standard","has-post-thumbnail","hentry","category-konzertauftritt"],"_links":{"self":[{"href":"http:\/\/jugend.mvfichtenberg.de\/index.php?rest_route=\/wp\/v2\/posts\/3191","targetHints":{"allow":["GET"]}}],"collection":[{"href":"http:\/\/jugend.mvfichtenberg.de\/index.php?rest_route=\/wp\/v2\/posts"}],"about":[{"href":"http:\/\/jugend.mvfichtenberg.de\/index.php?rest_route=\/wp\/v2\/types\/post"}],"author":[{"embeddable":true,"href":"http:\/\/jugend.mvfichtenberg.de\/index.php?rest_route=\/wp\/v2\/users\/3"}],"replies":[{"embeddable":true,"href":"http:\/\/jugend.mvfichtenberg.de\/index.php?rest_route=%2Fwp%2Fv2%2Fcomments&post=3191"}],"version-history":[{"count":2,"href":"http:\/\/jugend.mvfichtenberg.de\/index.php?rest_route=\/wp\/v2\/posts\/3191\/revisions"}],"predecessor-version":[{"id":3468,"href":"http:\/\/jugend.mvfichtenberg.de\/index.php?rest_route=\/wp\/v2\/posts\/3191\/revisions\/3468"}],"wp:featuredmedia":[{"embeddable":true,"href":"http:\/\/jugend.mvfichtenberg.de\/index.php?rest_route=\/wp\/v2\/media\/3192"}],"wp:attachment":[{"href":"http:\/\/jugend.mvfichtenberg.de\/index.php?rest_route=%2Fwp%2Fv2%2Fmedia&parent=3191"}],"wp:term":[{"taxonomy":"category","embeddable":true,"href":"http:\/\/jugend.mvfichtenberg.de\/index.php?rest_route=%2Fwp%2Fv2%2Fcategories&post=3191"},{"taxonomy":"post_tag","embeddable":true,"href":"http:\/\/jugend.mvfichtenberg.de\/index.php?rest_route=%2Fwp%2Fv2%2Ftags&post=3191"}],"curies":[{"name":"wp","href":"https:\/\/api.w.org\/{rel}","templated":true}]}}