{"id":3197,"date":"2016-04-01T07:02:25","date_gmt":"2016-04-01T05:02:25","guid":{"rendered":"http:\/\/jugend.mvfichtenberg.de\/?p=3197"},"modified":"2016-04-01T07:02:25","modified_gmt":"2016-04-01T05:02:25","slug":"fruehjahrs-konzert-sonntag-10-april-2016-2","status":"publish","type":"post","link":"http:\/\/jugend.mvfichtenberg.de\/?p=3197","title":{"rendered":"Fr\u00fchjahrs-Konzert Sonntag, 10. April 2016"},"content":{"rendered":"<div class=\"fcbkbttn_buttons_block\" id=\"fcbkbttn_middle\"><div class=\"fb-share-button  \" data-href=\"http:\/\/jugend.mvfichtenberg.de\/?p=3197\" data-type=\"button\" data-size=\"small\"><\/div><\/div><p>Wir laden Sie alle herzlich zu unserem diesj\u00e4hrigen Fr\u00fchjahrs-Konzert am Sonntag, 10. April 2016 ab 18:00 Uhr in die Gemeindehalle nach Fichtenberg ein. Wir werden einen gro\u00dfen Teil des Abends gestalten und freuen uns deshalb sehr \u00fcber viele Zuh\u00f6rer. <a href=\"http:\/\/jugend.mvfichtenberg.de\/wp-content\/uploads\/2016\/04\/PlakatKonzert2016.jpg\" rel=\"attachment wp-att-3195\"><img loading=\"lazy\" decoding=\"async\" class=\"aligncenter size-large wp-image-3195\" src=\"http:\/\/jugend.mvfichtenberg.de\/wp-content\/uploads\/2016\/04\/PlakatKonzert2016-776x1024.jpg\" alt=\"Plakat Konzert 2016\" width=\"776\" height=\"1024\" srcset=\"http:\/\/jugend.mvfichtenberg.de\/wp-content\/uploads\/2016\/04\/PlakatKonzert2016-776x1024.jpg 776w, http:\/\/jugend.mvfichtenberg.de\/wp-content\/uploads\/2016\/04\/PlakatKonzert2016-227x300.jpg 227w, http:\/\/jugend.mvfichtenberg.de\/wp-content\/uploads\/2016\/04\/PlakatKonzert2016-768x1013.jpg 768w, http:\/\/jugend.mvfichtenberg.de\/wp-content\/uploads\/2016\/04\/PlakatKonzert2016.jpg 809w\" sizes=\"auto, (max-width: 776px) 100vw, 776px\" \/><\/a><\/p>\n","protected":false},"excerpt":{"rendered":"<p>Wir laden Sie alle herzlich zu unserem diesj\u00e4hrigen Fr\u00fchjahrs-Konzert am Sonntag, 10. April 2016 ab 18:00 Uhr in die Gemeindehalle nach Fichtenberg ein. Wir werden einen gro\u00dfen Teil des Abends gestalten und freuen uns deshalb sehr \u00fcber viele Zuh\u00f6rer.<\/p>\n","protected":false},"author":3,"featured_media":3195,"comment_status":"open","ping_status":"open","sticky":false,"template":"","format":"standard","meta":{"ngg_post_thumbnail":0,"footnotes":""},"categories":[3],"tags":[],"class_list":["post-3197","post","type-post","status-publish","format-standard","has-post-thumbnail","hentry","category-konzertauftritt"],"_links":{"self":[{"href":"http:\/\/jugend.mvfichtenberg.de\/index.php?rest_route=\/wp\/v2\/posts\/3197","targetHints":{"allow":["GET"]}}],"collection":[{"href":"http:\/\/jugend.mvfichtenberg.de\/index.php?rest_route=\/wp\/v2\/posts"}],"about":[{"href":"http:\/\/jugend.mvfichtenberg.de\/index.php?rest_route=\/wp\/v2\/types\/post"}],"author":[{"embeddable":true,"href":"http:\/\/jugend.mvfichtenberg.de\/index.php?rest_route=\/wp\/v2\/users\/3"}],"replies":[{"embeddable":true,"href":"http:\/\/jugend.mvfichtenberg.de\/index.php?rest_route=%2Fwp%2Fv2%2Fcomments&post=3197"}],"version-history":[{"count":1,"href":"http:\/\/jugend.mvfichtenberg.de\/index.php?rest_route=\/wp\/v2\/posts\/3197\/revisions"}],"predecessor-version":[{"id":3198,"href":"http:\/\/jugend.mvfichtenberg.de\/index.php?rest_route=\/wp\/v2\/posts\/3197\/revisions\/3198"}],"wp:featuredmedia":[{"embeddable":true,"href":"http:\/\/jugend.mvfichtenberg.de\/index.php?rest_route=\/wp\/v2\/media\/3195"}],"wp:attachment":[{"href":"http:\/\/jugend.mvfichtenberg.de\/index.php?rest_route=%2Fwp%2Fv2%2Fmedia&parent=3197"}],"wp:term":[{"taxonomy":"category","embeddable":true,"href":"http:\/\/jugend.mvfichtenberg.de\/index.php?rest_route=%2Fwp%2Fv2%2Fcategories&post=3197"},{"taxonomy":"post_tag","embeddable":true,"href":"http:\/\/jugend.mvfichtenberg.de\/index.php?rest_route=%2Fwp%2Fv2%2Ftags&post=3197"}],"curies":[{"name":"wp","href":"https:\/\/api.w.org\/{rel}","templated":true}]}}