{"id":3206,"date":"2016-06-13T23:25:05","date_gmt":"2016-06-13T21:25:05","guid":{"rendered":"http:\/\/jugend.mvfichtenberg.de\/?p=3206"},"modified":"2016-08-01T13:21:40","modified_gmt":"2016-08-01T11:21:40","slug":"1200-jahrfeier-in-fichtenberg","status":"publish","type":"post","link":"http:\/\/jugend.mvfichtenberg.de\/?p=3206","title":{"rendered":"1200-Jahrfeier in Fichtenberg"},"content":{"rendered":"<div class=\"fcbkbttn_buttons_block\" id=\"fcbkbttn_middle\"><div class=\"fb-share-button  \" data-href=\"http:\/\/jugend.mvfichtenberg.de\/?p=3206\" data-type=\"button\" data-size=\"small\"><\/div><\/div><p><a href=\"http:\/\/jugend.mvfichtenberg.de\/wp-content\/uploads\/2016\/06\/13445599_967367073383647_1458939238482277235_n.jpg\"><img loading=\"lazy\" decoding=\"async\" class=\"aligncenter size-full wp-image-3207\" src=\"http:\/\/jugend.mvfichtenberg.de\/wp-content\/uploads\/2016\/06\/13445599_967367073383647_1458939238482277235_n.jpg\" alt=\"Teilnahme Festumzuh\" width=\"720\" height=\"960\" srcset=\"http:\/\/jugend.mvfichtenberg.de\/wp-content\/uploads\/2016\/06\/13445599_967367073383647_1458939238482277235_n.jpg 720w, http:\/\/jugend.mvfichtenberg.de\/wp-content\/uploads\/2016\/06\/13445599_967367073383647_1458939238482277235_n-225x300.jpg 225w\" sizes=\"auto, (max-width: 720px) 100vw, 720px\" \/><\/a>Eine ganze Gemeinde feierte drei Tag lang, das 1200-j\u00e4hrige Bestehen.<br \/>\nAm Freitag 10.06.2016 startete das Festwochenende mit einer Auftaktveranstaltung in der Gemeindehalle. Samstags (11.06.2016) wurden wir als Jugend fest eingeplant, sodass wir bei Familie Ebinger in den Oberen Riedwiesen den ganzen Tag f\u00fcr das Kinderprogramm zust\u00e4ndig waren. Die Kinder konnten sich bei Dosen werfen, Hau den Lukas und vielem mehr auslassen. W\u00e4hrend wir uns um die Kinder gek\u00fcmmert haben, hat sich unsere Stammkapelle an drei verschiedenen Standorten (Obere Riedwiesen, Marktplatz\/ Umgebung und Hauptstra\u00dfe) musikalisch im Wechsel mit unserem Partnerverein aus Fichtenberg\/ Elbe pr\u00e4sentiert und f\u00fcr Unterhaltung gesorgt. Am Sonntag, 12.06.2016 haben wir uns gemeinsam auf den Weg zu unserer Startnummer entlang der Umgehungsstra\u00dfe in Fichtenberg gemacht. P\u00fcnktlich zum Beginn des Umzuges um 14:00 Uhr hat es angefangen zu regnen. Der Regen konnte unsere Stimmung nicht dr\u00fccken &#8211; wir hatten uns schlie\u00dflich super auf den Umzug vorbereitet und wollten unseren Bollerwagen trotzdem voller Stolz pr\u00e4sentieren.<\/p>\n<p>Bilder\u00a0vom Samstag und Sonntag:<\/p>\n<p>\n<div class=\"ngg-galleryoverview ngg-template-caption\" id=\"ngg-gallery-d1cd13e58f2b747c2091ce11997bc6c3-3206\">\n\n\t\t\t<!-- Slideshow link -->\n\t<div class=\"slideshowlink\">\n\t\t<a class=\"slideshowlink\" href=\"http:\/\/jugend.mvfichtenberg.de\/index.php\/nggallery\/slideshow?p=3206\">\n\t\t\t[Show slideshow]\t\t<\/a>\n\t<\/div>\n\n\t<!-- Thumbnails -->\n\t\t\t\t\n\t<div id=\"ngg-image-1396\" class=\"ngg-gallery-thumbnail-box\"  >\n\t\t<div class=\"ngg-gallery-thumbnail\" >\n\t\t\t<a href=\"http:\/\/jugend.mvfichtenberg.de\/wp-content\/gallery\/1200-jahre-fichtenberg-samstag-11-juni-2016-fa-ebinger\/IMG_0269.JPG\"\n\t\t\t\ttitle=\" \"\n\t\t\t\tclass=\"ngg-fancybox\" rel=\"d1cd13e58f2b747c2091ce11997bc6c3\" data-image-id=\"1396\" data-src=\"http:\/\/jugend.mvfichtenberg.de\/wp-content\/gallery\/1200-jahre-fichtenberg-samstag-11-juni-2016-fa-ebinger\/IMG_0269.JPG\" data-thumbnail=\"http:\/\/jugend.mvfichtenberg.de\/wp-content\/gallery\/1200-jahre-fichtenberg-samstag-11-juni-2016-fa-ebinger\/thumbs\/thumbs_IMG_0269.JPG\" data-title=\"IMG_0269\" data-description=\" \" >\n\t\t\t\t\t\t\t\t<img title=\"IMG_0269\" alt=\"IMG_0269\" src=\"http:\/\/jugend.mvfichtenberg.de\/wp-content\/gallery\/1200-jahre-fichtenberg-samstag-11-juni-2016-fa-ebinger\/thumbs\/thumbs_IMG_0269.JPG\" width='120' height='90' \/>\n\t\t\t\t\t\t\t<\/a>\n\t\t\t<span>\n\t\t\t \t\t\t<\/span>\n\t\t<\/div>\n\t<\/div>\n\t\t\t\t\t\t\t\n\t<div id=\"ngg-image-1397\" class=\"ngg-gallery-thumbnail-box\"  >\n\t\t<div class=\"ngg-gallery-thumbnail\" >\n\t\t\t<a href=\"http:\/\/jugend.mvfichtenberg.de\/wp-content\/gallery\/1200-jahre-fichtenberg-samstag-11-juni-2016-fa-ebinger\/IMG_0272.JPG\"\n\t\t\t\ttitle=\" \"\n\t\t\t\tclass=\"ngg-fancybox\" rel=\"d1cd13e58f2b747c2091ce11997bc6c3\" data-image-id=\"1397\" data-src=\"http:\/\/jugend.mvfichtenberg.de\/wp-content\/gallery\/1200-jahre-fichtenberg-samstag-11-juni-2016-fa-ebinger\/IMG_0272.JPG\" data-thumbnail=\"http:\/\/jugend.mvfichtenberg.de\/wp-content\/gallery\/1200-jahre-fichtenberg-samstag-11-juni-2016-fa-ebinger\/thumbs\/thumbs_IMG_0272.JPG\" data-title=\"IMG_0272\" data-description=\" \" >\n\t\t\t\t\t\t\t\t<img title=\"IMG_0272\" alt=\"IMG_0272\" src=\"http:\/\/jugend.mvfichtenberg.de\/wp-content\/gallery\/1200-jahre-fichtenberg-samstag-11-juni-2016-fa-ebinger\/thumbs\/thumbs_IMG_0272.JPG\" width='120' height='90' \/>\n\t\t\t\t\t\t\t<\/a>\n\t\t\t<span>\n\t\t\t \t\t\t<\/span>\n\t\t<\/div>\n\t<\/div>\n\t\t\t\t\t\t\t\n\t<div id=\"ngg-image-1398\" class=\"ngg-gallery-thumbnail-box\"  >\n\t\t<div class=\"ngg-gallery-thumbnail\" >\n\t\t\t<a href=\"http:\/\/jugend.mvfichtenberg.de\/wp-content\/gallery\/1200-jahre-fichtenberg-samstag-11-juni-2016-fa-ebinger\/IMG_0274.JPG\"\n\t\t\t\ttitle=\" \"\n\t\t\t\tclass=\"ngg-fancybox\" rel=\"d1cd13e58f2b747c2091ce11997bc6c3\" data-image-id=\"1398\" data-src=\"http:\/\/jugend.mvfichtenberg.de\/wp-content\/gallery\/1200-jahre-fichtenberg-samstag-11-juni-2016-fa-ebinger\/IMG_0274.JPG\" data-thumbnail=\"http:\/\/jugend.mvfichtenberg.de\/wp-content\/gallery\/1200-jahre-fichtenberg-samstag-11-juni-2016-fa-ebinger\/thumbs\/thumbs_IMG_0274.JPG\" data-title=\"IMG_0274\" data-description=\" \" >\n\t\t\t\t\t\t\t\t<img title=\"IMG_0274\" alt=\"IMG_0274\" src=\"http:\/\/jugend.mvfichtenberg.de\/wp-content\/gallery\/1200-jahre-fichtenberg-samstag-11-juni-2016-fa-ebinger\/thumbs\/thumbs_IMG_0274.JPG\" width='120' height='90' \/>\n\t\t\t\t\t\t\t<\/a>\n\t\t\t<span>\n\t\t\t \t\t\t<\/span>\n\t\t<\/div>\n\t<\/div>\n\t\t\t\t\t\t\t\n\t<div id=\"ngg-image-1399\" class=\"ngg-gallery-thumbnail-box\"  >\n\t\t<div class=\"ngg-gallery-thumbnail\" >\n\t\t\t<a href=\"http:\/\/jugend.mvfichtenberg.de\/wp-content\/gallery\/1200-jahre-fichtenberg-samstag-11-juni-2016-fa-ebinger\/IMG_0280.JPG\"\n\t\t\t\ttitle=\" \"\n\t\t\t\tclass=\"ngg-fancybox\" rel=\"d1cd13e58f2b747c2091ce11997bc6c3\" data-image-id=\"1399\" data-src=\"http:\/\/jugend.mvfichtenberg.de\/wp-content\/gallery\/1200-jahre-fichtenberg-samstag-11-juni-2016-fa-ebinger\/IMG_0280.JPG\" data-thumbnail=\"http:\/\/jugend.mvfichtenberg.de\/wp-content\/gallery\/1200-jahre-fichtenberg-samstag-11-juni-2016-fa-ebinger\/thumbs\/thumbs_IMG_0280.JPG\" data-title=\"IMG_0280\" data-description=\" \" >\n\t\t\t\t\t\t\t\t<img title=\"IMG_0280\" alt=\"IMG_0280\" src=\"http:\/\/jugend.mvfichtenberg.de\/wp-content\/gallery\/1200-jahre-fichtenberg-samstag-11-juni-2016-fa-ebinger\/thumbs\/thumbs_IMG_0280.JPG\" width='120' height='90' \/>\n\t\t\t\t\t\t\t<\/a>\n\t\t\t<span>\n\t\t\t \t\t\t<\/span>\n\t\t<\/div>\n\t<\/div>\n\t\t\t\t\t\t\t\n\t<div id=\"ngg-image-1400\" class=\"ngg-gallery-thumbnail-box\"  >\n\t\t<div class=\"ngg-gallery-thumbnail\" >\n\t\t\t<a href=\"http:\/\/jugend.mvfichtenberg.de\/wp-content\/gallery\/1200-jahre-fichtenberg-samstag-11-juni-2016-fa-ebinger\/IMG_0282.JPG\"\n\t\t\t\ttitle=\" \"\n\t\t\t\tclass=\"ngg-fancybox\" rel=\"d1cd13e58f2b747c2091ce11997bc6c3\" data-image-id=\"1400\" data-src=\"http:\/\/jugend.mvfichtenberg.de\/wp-content\/gallery\/1200-jahre-fichtenberg-samstag-11-juni-2016-fa-ebinger\/IMG_0282.JPG\" data-thumbnail=\"http:\/\/jugend.mvfichtenberg.de\/wp-content\/gallery\/1200-jahre-fichtenberg-samstag-11-juni-2016-fa-ebinger\/thumbs\/thumbs_IMG_0282.JPG\" data-title=\"IMG_0282\" data-description=\" \" >\n\t\t\t\t\t\t\t\t<img title=\"IMG_0282\" alt=\"IMG_0282\" src=\"http:\/\/jugend.mvfichtenberg.de\/wp-content\/gallery\/1200-jahre-fichtenberg-samstag-11-juni-2016-fa-ebinger\/thumbs\/thumbs_IMG_0282.JPG\" width='120' height='90' \/>\n\t\t\t\t\t\t\t<\/a>\n\t\t\t<span>\n\t\t\t \t\t\t<\/span>\n\t\t<\/div>\n\t<\/div>\n\t\t\t\t\t\t\t\n\t<div id=\"ngg-image-1401\" class=\"ngg-gallery-thumbnail-box\"  >\n\t\t<div class=\"ngg-gallery-thumbnail\" >\n\t\t\t<a href=\"http:\/\/jugend.mvfichtenberg.de\/wp-content\/gallery\/1200-jahre-fichtenberg-samstag-11-juni-2016-fa-ebinger\/IMG_0283.JPG\"\n\t\t\t\ttitle=\" \"\n\t\t\t\tclass=\"ngg-fancybox\" rel=\"d1cd13e58f2b747c2091ce11997bc6c3\" data-image-id=\"1401\" data-src=\"http:\/\/jugend.mvfichtenberg.de\/wp-content\/gallery\/1200-jahre-fichtenberg-samstag-11-juni-2016-fa-ebinger\/IMG_0283.JPG\" data-thumbnail=\"http:\/\/jugend.mvfichtenberg.de\/wp-content\/gallery\/1200-jahre-fichtenberg-samstag-11-juni-2016-fa-ebinger\/thumbs\/thumbs_IMG_0283.JPG\" data-title=\"IMG_0283\" data-description=\" \" >\n\t\t\t\t\t\t\t\t<img title=\"IMG_0283\" alt=\"IMG_0283\" src=\"http:\/\/jugend.mvfichtenberg.de\/wp-content\/gallery\/1200-jahre-fichtenberg-samstag-11-juni-2016-fa-ebinger\/thumbs\/thumbs_IMG_0283.JPG\" width='120' height='90' \/>\n\t\t\t\t\t\t\t<\/a>\n\t\t\t<span>\n\t\t\t \t\t\t<\/span>\n\t\t<\/div>\n\t<\/div>\n\t\t\t\t\t\t\t\n\t<div id=\"ngg-image-1402\" class=\"ngg-gallery-thumbnail-box\"  >\n\t\t<div class=\"ngg-gallery-thumbnail\" >\n\t\t\t<a href=\"http:\/\/jugend.mvfichtenberg.de\/wp-content\/gallery\/1200-jahre-fichtenberg-samstag-11-juni-2016-fa-ebinger\/IMG_0285.JPG\"\n\t\t\t\ttitle=\" \"\n\t\t\t\tclass=\"ngg-fancybox\" rel=\"d1cd13e58f2b747c2091ce11997bc6c3\" data-image-id=\"1402\" data-src=\"http:\/\/jugend.mvfichtenberg.de\/wp-content\/gallery\/1200-jahre-fichtenberg-samstag-11-juni-2016-fa-ebinger\/IMG_0285.JPG\" data-thumbnail=\"http:\/\/jugend.mvfichtenberg.de\/wp-content\/gallery\/1200-jahre-fichtenberg-samstag-11-juni-2016-fa-ebinger\/thumbs\/thumbs_IMG_0285.JPG\" data-title=\"IMG_0285\" data-description=\" \" >\n\t\t\t\t\t\t\t\t<img title=\"IMG_0285\" alt=\"IMG_0285\" src=\"http:\/\/jugend.mvfichtenberg.de\/wp-content\/gallery\/1200-jahre-fichtenberg-samstag-11-juni-2016-fa-ebinger\/thumbs\/thumbs_IMG_0285.JPG\" width='120' height='90' \/>\n\t\t\t\t\t\t\t<\/a>\n\t\t\t<span>\n\t\t\t \t\t\t<\/span>\n\t\t<\/div>\n\t<\/div>\n\t\t\t\t\t\t\t\n\t<div id=\"ngg-image-1403\" class=\"ngg-gallery-thumbnail-box\"  >\n\t\t<div class=\"ngg-gallery-thumbnail\" >\n\t\t\t<a href=\"http:\/\/jugend.mvfichtenberg.de\/wp-content\/gallery\/1200-jahre-fichtenberg-samstag-11-juni-2016-fa-ebinger\/IMG_0289.JPG\"\n\t\t\t\ttitle=\" \"\n\t\t\t\tclass=\"ngg-fancybox\" rel=\"d1cd13e58f2b747c2091ce11997bc6c3\" data-image-id=\"1403\" data-src=\"http:\/\/jugend.mvfichtenberg.de\/wp-content\/gallery\/1200-jahre-fichtenberg-samstag-11-juni-2016-fa-ebinger\/IMG_0289.JPG\" data-thumbnail=\"http:\/\/jugend.mvfichtenberg.de\/wp-content\/gallery\/1200-jahre-fichtenberg-samstag-11-juni-2016-fa-ebinger\/thumbs\/thumbs_IMG_0289.JPG\" data-title=\"IMG_0289\" data-description=\" \" >\n\t\t\t\t\t\t\t\t<img title=\"IMG_0289\" alt=\"IMG_0289\" src=\"http:\/\/jugend.mvfichtenberg.de\/wp-content\/gallery\/1200-jahre-fichtenberg-samstag-11-juni-2016-fa-ebinger\/thumbs\/thumbs_IMG_0289.JPG\" width='120' height='90' \/>\n\t\t\t\t\t\t\t<\/a>\n\t\t\t<span>\n\t\t\t \t\t\t<\/span>\n\t\t<\/div>\n\t<\/div>\n\t\t\t\t\t\t\t\n\t<div id=\"ngg-image-1404\" class=\"ngg-gallery-thumbnail-box\"  >\n\t\t<div class=\"ngg-gallery-thumbnail\" >\n\t\t\t<a href=\"http:\/\/jugend.mvfichtenberg.de\/wp-content\/gallery\/1200-jahre-fichtenberg-samstag-11-juni-2016-fa-ebinger\/IMG_0308.JPG\"\n\t\t\t\ttitle=\" \"\n\t\t\t\tclass=\"ngg-fancybox\" rel=\"d1cd13e58f2b747c2091ce11997bc6c3\" data-image-id=\"1404\" data-src=\"http:\/\/jugend.mvfichtenberg.de\/wp-content\/gallery\/1200-jahre-fichtenberg-samstag-11-juni-2016-fa-ebinger\/IMG_0308.JPG\" data-thumbnail=\"http:\/\/jugend.mvfichtenberg.de\/wp-content\/gallery\/1200-jahre-fichtenberg-samstag-11-juni-2016-fa-ebinger\/thumbs\/thumbs_IMG_0308.JPG\" data-title=\"IMG_0308\" data-description=\" \" >\n\t\t\t\t\t\t\t\t<img title=\"IMG_0308\" alt=\"IMG_0308\" src=\"http:\/\/jugend.mvfichtenberg.de\/wp-content\/gallery\/1200-jahre-fichtenberg-samstag-11-juni-2016-fa-ebinger\/thumbs\/thumbs_IMG_0308.JPG\" width='120' height='90' \/>\n\t\t\t\t\t\t\t<\/a>\n\t\t\t<span>\n\t\t\t \t\t\t<\/span>\n\t\t<\/div>\n\t<\/div>\n\t\t\t\t\t\t\t\n\t<div id=\"ngg-image-1405\" class=\"ngg-gallery-thumbnail-box\"  >\n\t\t<div class=\"ngg-gallery-thumbnail\" >\n\t\t\t<a href=\"http:\/\/jugend.mvfichtenberg.de\/wp-content\/gallery\/1200-jahre-fichtenberg-samstag-11-juni-2016-fa-ebinger\/IMG_0311.JPG\"\n\t\t\t\ttitle=\" \"\n\t\t\t\tclass=\"ngg-fancybox\" rel=\"d1cd13e58f2b747c2091ce11997bc6c3\" data-image-id=\"1405\" data-src=\"http:\/\/jugend.mvfichtenberg.de\/wp-content\/gallery\/1200-jahre-fichtenberg-samstag-11-juni-2016-fa-ebinger\/IMG_0311.JPG\" data-thumbnail=\"http:\/\/jugend.mvfichtenberg.de\/wp-content\/gallery\/1200-jahre-fichtenberg-samstag-11-juni-2016-fa-ebinger\/thumbs\/thumbs_IMG_0311.JPG\" data-title=\"IMG_0311\" data-description=\" \" >\n\t\t\t\t\t\t\t\t<img title=\"IMG_0311\" alt=\"IMG_0311\" src=\"http:\/\/jugend.mvfichtenberg.de\/wp-content\/gallery\/1200-jahre-fichtenberg-samstag-11-juni-2016-fa-ebinger\/thumbs\/thumbs_IMG_0311.JPG\" width='120' height='90' \/>\n\t\t\t\t\t\t\t<\/a>\n\t\t\t<span>\n\t\t\t \t\t\t<\/span>\n\t\t<\/div>\n\t<\/div>\n\t\t\t\t\t\t\t\n\t<div id=\"ngg-image-1406\" class=\"ngg-gallery-thumbnail-box\"  >\n\t\t<div class=\"ngg-gallery-thumbnail\" >\n\t\t\t<a href=\"http:\/\/jugend.mvfichtenberg.de\/wp-content\/gallery\/1200-jahre-fichtenberg-samstag-11-juni-2016-fa-ebinger\/IMG_0322.JPG\"\n\t\t\t\ttitle=\" \"\n\t\t\t\tclass=\"ngg-fancybox\" rel=\"d1cd13e58f2b747c2091ce11997bc6c3\" data-image-id=\"1406\" data-src=\"http:\/\/jugend.mvfichtenberg.de\/wp-content\/gallery\/1200-jahre-fichtenberg-samstag-11-juni-2016-fa-ebinger\/IMG_0322.JPG\" data-thumbnail=\"http:\/\/jugend.mvfichtenberg.de\/wp-content\/gallery\/1200-jahre-fichtenberg-samstag-11-juni-2016-fa-ebinger\/thumbs\/thumbs_IMG_0322.JPG\" data-title=\"IMG_0322\" data-description=\" \" >\n\t\t\t\t\t\t\t\t<img title=\"IMG_0322\" alt=\"IMG_0322\" src=\"http:\/\/jugend.mvfichtenberg.de\/wp-content\/gallery\/1200-jahre-fichtenberg-samstag-11-juni-2016-fa-ebinger\/thumbs\/thumbs_IMG_0322.JPG\" width='120' height='90' \/>\n\t\t\t\t\t\t\t<\/a>\n\t\t\t<span>\n\t\t\t \t\t\t<\/span>\n\t\t<\/div>\n\t<\/div>\n\t\t\t\t\t\t\t\n\t<div id=\"ngg-image-1407\" class=\"ngg-gallery-thumbnail-box\"  >\n\t\t<div class=\"ngg-gallery-thumbnail\" >\n\t\t\t<a href=\"http:\/\/jugend.mvfichtenberg.de\/wp-content\/gallery\/1200-jahre-fichtenberg-samstag-11-juni-2016-fa-ebinger\/IMG_0325.JPG\"\n\t\t\t\ttitle=\" \"\n\t\t\t\tclass=\"ngg-fancybox\" rel=\"d1cd13e58f2b747c2091ce11997bc6c3\" data-image-id=\"1407\" data-src=\"http:\/\/jugend.mvfichtenberg.de\/wp-content\/gallery\/1200-jahre-fichtenberg-samstag-11-juni-2016-fa-ebinger\/IMG_0325.JPG\" data-thumbnail=\"http:\/\/jugend.mvfichtenberg.de\/wp-content\/gallery\/1200-jahre-fichtenberg-samstag-11-juni-2016-fa-ebinger\/thumbs\/thumbs_IMG_0325.JPG\" data-title=\"IMG_0325\" data-description=\" \" >\n\t\t\t\t\t\t\t\t<img title=\"IMG_0325\" alt=\"IMG_0325\" src=\"http:\/\/jugend.mvfichtenberg.de\/wp-content\/gallery\/1200-jahre-fichtenberg-samstag-11-juni-2016-fa-ebinger\/thumbs\/thumbs_IMG_0325.JPG\" width='120' height='90' \/>\n\t\t\t\t\t\t\t<\/a>\n\t\t\t<span>\n\t\t\t \t\t\t<\/span>\n\t\t<\/div>\n\t<\/div>\n\t\t\t\t\t\t\t\n\t<div id=\"ngg-image-1408\" class=\"ngg-gallery-thumbnail-box\"  >\n\t\t<div class=\"ngg-gallery-thumbnail\" >\n\t\t\t<a href=\"http:\/\/jugend.mvfichtenberg.de\/wp-content\/gallery\/1200-jahre-fichtenberg-samstag-11-juni-2016-fa-ebinger\/IMG_0330.JPG\"\n\t\t\t\ttitle=\" \"\n\t\t\t\tclass=\"ngg-fancybox\" rel=\"d1cd13e58f2b747c2091ce11997bc6c3\" data-image-id=\"1408\" data-src=\"http:\/\/jugend.mvfichtenberg.de\/wp-content\/gallery\/1200-jahre-fichtenberg-samstag-11-juni-2016-fa-ebinger\/IMG_0330.JPG\" data-thumbnail=\"http:\/\/jugend.mvfichtenberg.de\/wp-content\/gallery\/1200-jahre-fichtenberg-samstag-11-juni-2016-fa-ebinger\/thumbs\/thumbs_IMG_0330.JPG\" data-title=\"IMG_0330\" data-description=\" \" >\n\t\t\t\t\t\t\t\t<img title=\"IMG_0330\" alt=\"IMG_0330\" src=\"http:\/\/jugend.mvfichtenberg.de\/wp-content\/gallery\/1200-jahre-fichtenberg-samstag-11-juni-2016-fa-ebinger\/thumbs\/thumbs_IMG_0330.JPG\" width='120' height='90' \/>\n\t\t\t\t\t\t\t<\/a>\n\t\t\t<span>\n\t\t\t \t\t\t<\/span>\n\t\t<\/div>\n\t<\/div>\n\t\t\t\t\t\t\t\n\t<div id=\"ngg-image-1409\" class=\"ngg-gallery-thumbnail-box\"  >\n\t\t<div class=\"ngg-gallery-thumbnail\" >\n\t\t\t<a href=\"http:\/\/jugend.mvfichtenberg.de\/wp-content\/gallery\/1200-jahre-fichtenberg-samstag-11-juni-2016-fa-ebinger\/IMG_0356.JPG\"\n\t\t\t\ttitle=\" \"\n\t\t\t\tclass=\"ngg-fancybox\" rel=\"d1cd13e58f2b747c2091ce11997bc6c3\" data-image-id=\"1409\" data-src=\"http:\/\/jugend.mvfichtenberg.de\/wp-content\/gallery\/1200-jahre-fichtenberg-samstag-11-juni-2016-fa-ebinger\/IMG_0356.JPG\" data-thumbnail=\"http:\/\/jugend.mvfichtenberg.de\/wp-content\/gallery\/1200-jahre-fichtenberg-samstag-11-juni-2016-fa-ebinger\/thumbs\/thumbs_IMG_0356.JPG\" data-title=\"IMG_0356\" data-description=\" \" >\n\t\t\t\t\t\t\t\t<img title=\"IMG_0356\" alt=\"IMG_0356\" src=\"http:\/\/jugend.mvfichtenberg.de\/wp-content\/gallery\/1200-jahre-fichtenberg-samstag-11-juni-2016-fa-ebinger\/thumbs\/thumbs_IMG_0356.JPG\" width='120' height='90' \/>\n\t\t\t\t\t\t\t<\/a>\n\t\t\t<span>\n\t\t\t \t\t\t<\/span>\n\t\t<\/div>\n\t<\/div>\n\t\t\t\t\t\t\t\n\t<div id=\"ngg-image-1410\" class=\"ngg-gallery-thumbnail-box\"  >\n\t\t<div class=\"ngg-gallery-thumbnail\" >\n\t\t\t<a href=\"http:\/\/jugend.mvfichtenberg.de\/wp-content\/gallery\/1200-jahre-fichtenberg-samstag-11-juni-2016-fa-ebinger\/IMG_0357.JPG\"\n\t\t\t\ttitle=\" \"\n\t\t\t\tclass=\"ngg-fancybox\" rel=\"d1cd13e58f2b747c2091ce11997bc6c3\" data-image-id=\"1410\" data-src=\"http:\/\/jugend.mvfichtenberg.de\/wp-content\/gallery\/1200-jahre-fichtenberg-samstag-11-juni-2016-fa-ebinger\/IMG_0357.JPG\" data-thumbnail=\"http:\/\/jugend.mvfichtenberg.de\/wp-content\/gallery\/1200-jahre-fichtenberg-samstag-11-juni-2016-fa-ebinger\/thumbs\/thumbs_IMG_0357.JPG\" data-title=\"IMG_0357\" data-description=\" \" >\n\t\t\t\t\t\t\t\t<img title=\"IMG_0357\" alt=\"IMG_0357\" src=\"http:\/\/jugend.mvfichtenberg.de\/wp-content\/gallery\/1200-jahre-fichtenberg-samstag-11-juni-2016-fa-ebinger\/thumbs\/thumbs_IMG_0357.JPG\" width='120' height='90' \/>\n\t\t\t\t\t\t\t<\/a>\n\t\t\t<span>\n\t\t\t \t\t\t<\/span>\n\t\t<\/div>\n\t<\/div>\n\t\t\t\t\t\t\t\n\t<div id=\"ngg-image-1411\" class=\"ngg-gallery-thumbnail-box\"  >\n\t\t<div class=\"ngg-gallery-thumbnail\" >\n\t\t\t<a href=\"http:\/\/jugend.mvfichtenberg.de\/wp-content\/gallery\/1200-jahre-fichtenberg-sonntag-12-juni-2016-umzug\/IMG_0602.JPG\"\n\t\t\t\ttitle=\" \"\n\t\t\t\tclass=\"ngg-fancybox\" rel=\"d1cd13e58f2b747c2091ce11997bc6c3\" data-image-id=\"1411\" data-src=\"http:\/\/jugend.mvfichtenberg.de\/wp-content\/gallery\/1200-jahre-fichtenberg-sonntag-12-juni-2016-umzug\/IMG_0602.JPG\" data-thumbnail=\"http:\/\/jugend.mvfichtenberg.de\/wp-content\/gallery\/1200-jahre-fichtenberg-sonntag-12-juni-2016-umzug\/thumbs\/thumbs_IMG_0602.JPG\" data-title=\"IMG_0602\" data-description=\" \" >\n\t\t\t\t\t\t\t\t<img title=\"IMG_0602\" alt=\"IMG_0602\" src=\"http:\/\/jugend.mvfichtenberg.de\/wp-content\/gallery\/1200-jahre-fichtenberg-sonntag-12-juni-2016-umzug\/thumbs\/thumbs_IMG_0602.JPG\" width='120' height='90' \/>\n\t\t\t\t\t\t\t<\/a>\n\t\t\t<span>\n\t\t\t \t\t\t<\/span>\n\t\t<\/div>\n\t<\/div>\n\t\t\t\t\t\t\t\n\t<div id=\"ngg-image-1412\" class=\"ngg-gallery-thumbnail-box\"  >\n\t\t<div class=\"ngg-gallery-thumbnail\" >\n\t\t\t<a href=\"http:\/\/jugend.mvfichtenberg.de\/wp-content\/gallery\/1200-jahre-fichtenberg-sonntag-12-juni-2016-umzug\/IMG_0615.JPG\"\n\t\t\t\ttitle=\" \"\n\t\t\t\tclass=\"ngg-fancybox\" rel=\"d1cd13e58f2b747c2091ce11997bc6c3\" data-image-id=\"1412\" data-src=\"http:\/\/jugend.mvfichtenberg.de\/wp-content\/gallery\/1200-jahre-fichtenberg-sonntag-12-juni-2016-umzug\/IMG_0615.JPG\" data-thumbnail=\"http:\/\/jugend.mvfichtenberg.de\/wp-content\/gallery\/1200-jahre-fichtenberg-sonntag-12-juni-2016-umzug\/thumbs\/thumbs_IMG_0615.JPG\" data-title=\"IMG_0615\" data-description=\" \" >\n\t\t\t\t\t\t\t\t<img title=\"IMG_0615\" alt=\"IMG_0615\" src=\"http:\/\/jugend.mvfichtenberg.de\/wp-content\/gallery\/1200-jahre-fichtenberg-sonntag-12-juni-2016-umzug\/thumbs\/thumbs_IMG_0615.JPG\" width='120' height='90' \/>\n\t\t\t\t\t\t\t<\/a>\n\t\t\t<span>\n\t\t\t \t\t\t<\/span>\n\t\t<\/div>\n\t<\/div>\n\t\t\t\t\t\t\t\n\t<div id=\"ngg-image-1413\" class=\"ngg-gallery-thumbnail-box\"  >\n\t\t<div class=\"ngg-gallery-thumbnail\" >\n\t\t\t<a href=\"http:\/\/jugend.mvfichtenberg.de\/wp-content\/gallery\/1200-jahre-fichtenberg-sonntag-12-juni-2016-umzug\/IMG_0629.JPG\"\n\t\t\t\ttitle=\" \"\n\t\t\t\tclass=\"ngg-fancybox\" rel=\"d1cd13e58f2b747c2091ce11997bc6c3\" data-image-id=\"1413\" data-src=\"http:\/\/jugend.mvfichtenberg.de\/wp-content\/gallery\/1200-jahre-fichtenberg-sonntag-12-juni-2016-umzug\/IMG_0629.JPG\" data-thumbnail=\"http:\/\/jugend.mvfichtenberg.de\/wp-content\/gallery\/1200-jahre-fichtenberg-sonntag-12-juni-2016-umzug\/thumbs\/thumbs_IMG_0629.JPG\" data-title=\"IMG_0629\" data-description=\" \" >\n\t\t\t\t\t\t\t\t<img title=\"IMG_0629\" alt=\"IMG_0629\" src=\"http:\/\/jugend.mvfichtenberg.de\/wp-content\/gallery\/1200-jahre-fichtenberg-sonntag-12-juni-2016-umzug\/thumbs\/thumbs_IMG_0629.JPG\" width='120' height='90' \/>\n\t\t\t\t\t\t\t<\/a>\n\t\t\t<span>\n\t\t\t \t\t\t<\/span>\n\t\t<\/div>\n\t<\/div>\n\t\t\t\t\t\t\t\n\t<div id=\"ngg-image-1414\" class=\"ngg-gallery-thumbnail-box\"  >\n\t\t<div class=\"ngg-gallery-thumbnail\" >\n\t\t\t<a href=\"http:\/\/jugend.mvfichtenberg.de\/wp-content\/gallery\/1200-jahre-fichtenberg-sonntag-12-juni-2016-umzug\/IMG_0647.JPG\"\n\t\t\t\ttitle=\" \"\n\t\t\t\tclass=\"ngg-fancybox\" rel=\"d1cd13e58f2b747c2091ce11997bc6c3\" data-image-id=\"1414\" data-src=\"http:\/\/jugend.mvfichtenberg.de\/wp-content\/gallery\/1200-jahre-fichtenberg-sonntag-12-juni-2016-umzug\/IMG_0647.JPG\" data-thumbnail=\"http:\/\/jugend.mvfichtenberg.de\/wp-content\/gallery\/1200-jahre-fichtenberg-sonntag-12-juni-2016-umzug\/thumbs\/thumbs_IMG_0647.JPG\" data-title=\"IMG_0647\" data-description=\" \" >\n\t\t\t\t\t\t\t\t<img title=\"IMG_0647\" alt=\"IMG_0647\" src=\"http:\/\/jugend.mvfichtenberg.de\/wp-content\/gallery\/1200-jahre-fichtenberg-sonntag-12-juni-2016-umzug\/thumbs\/thumbs_IMG_0647.JPG\" width='120' height='90' \/>\n\t\t\t\t\t\t\t<\/a>\n\t\t\t<span>\n\t\t\t \t\t\t<\/span>\n\t\t<\/div>\n\t<\/div>\n\t\t\t\t\t\t\t\n\t<div id=\"ngg-image-1415\" class=\"ngg-gallery-thumbnail-box\"  >\n\t\t<div class=\"ngg-gallery-thumbnail\" >\n\t\t\t<a href=\"http:\/\/jugend.mvfichtenberg.de\/wp-content\/gallery\/1200-jahre-fichtenberg-sonntag-12-juni-2016-umzug\/IMG_0649.JPG\"\n\t\t\t\ttitle=\" \"\n\t\t\t\tclass=\"ngg-fancybox\" rel=\"d1cd13e58f2b747c2091ce11997bc6c3\" data-image-id=\"1415\" data-src=\"http:\/\/jugend.mvfichtenberg.de\/wp-content\/gallery\/1200-jahre-fichtenberg-sonntag-12-juni-2016-umzug\/IMG_0649.JPG\" data-thumbnail=\"http:\/\/jugend.mvfichtenberg.de\/wp-content\/gallery\/1200-jahre-fichtenberg-sonntag-12-juni-2016-umzug\/thumbs\/thumbs_IMG_0649.JPG\" data-title=\"IMG_0649\" data-description=\" \" >\n\t\t\t\t\t\t\t\t<img title=\"IMG_0649\" alt=\"IMG_0649\" src=\"http:\/\/jugend.mvfichtenberg.de\/wp-content\/gallery\/1200-jahre-fichtenberg-sonntag-12-juni-2016-umzug\/thumbs\/thumbs_IMG_0649.JPG\" width='120' height='90' \/>\n\t\t\t\t\t\t\t<\/a>\n\t\t\t<span>\n\t\t\t \t\t\t<\/span>\n\t\t<\/div>\n\t<\/div>\n\t\t\t\t\t\t\t\n\t<!-- Pagination -->\n\t\t<div class='ngg-navigation'><span class='current'>1<\/span>\n<a class='page-numbers' data-pageid='2' href='http:\/\/jugend.mvfichtenberg.de\/index.php\/nggallery\/page\/2?p=3206'>2<\/a>\n<a class='prev' href='http:\/\/jugend.mvfichtenberg.de\/index.php\/nggallery\/page\/2?p=3206' data-pageid=2>&#9658;<\/a><\/div>\n<\/div>\n\n\t<\/p>\n","protected":false},"excerpt":{"rendered":"<p>Eine ganze Gemeinde feierte drei Tag lang, das 1200-j\u00e4hrige Bestehen. Am Freitag 10.06.2016 startete das Festwochenende mit einer Auftaktveranstaltung in der Gemeindehalle. Samstags (11.06.2016) wurden wir als Jugend fest eingeplant, sodass wir bei Familie Ebinger in den Oberen Riedwiesen den <a class=\"more-link\" href=\"http:\/\/jugend.mvfichtenberg.de\/?p=3206\">weiterlesen  <span class=\"screen-reader-text\">  1200-Jahrfeier in Fichtenberg<\/span><span class=\"meta-nav\">&rarr;<\/span><\/a><\/p>\n","protected":false},"author":3,"featured_media":3207,"comment_status":"open","ping_status":"open","sticky":false,"template":"","format":"standard","meta":{"ngg_post_thumbnail":0,"footnotes":""},"categories":[4,3],"tags":[],"class_list":["post-3206","post","type-post","status-publish","format-standard","has-post-thumbnail","hentry","category-freizeitaussermusikalisch","category-konzertauftritt"],"_links":{"self":[{"href":"http:\/\/jugend.mvfichtenberg.de\/index.php?rest_route=\/wp\/v2\/posts\/3206","targetHints":{"allow":["GET"]}}],"collection":[{"href":"http:\/\/jugend.mvfichtenberg.de\/index.php?rest_route=\/wp\/v2\/posts"}],"about":[{"href":"http:\/\/jugend.mvfichtenberg.de\/index.php?rest_route=\/wp\/v2\/types\/post"}],"author":[{"embeddable":true,"href":"http:\/\/jugend.mvfichtenberg.de\/index.php?rest_route=\/wp\/v2\/users\/3"}],"replies":[{"embeddable":true,"href":"http:\/\/jugend.mvfichtenberg.de\/index.php?rest_route=%2Fwp%2Fv2%2Fcomments&post=3206"}],"version-history":[{"count":5,"href":"http:\/\/jugend.mvfichtenberg.de\/index.php?rest_route=\/wp\/v2\/posts\/3206\/revisions"}],"predecessor-version":[{"id":3551,"href":"http:\/\/jugend.mvfichtenberg.de\/index.php?rest_route=\/wp\/v2\/posts\/3206\/revisions\/3551"}],"wp:featuredmedia":[{"embeddable":true,"href":"http:\/\/jugend.mvfichtenberg.de\/index.php?rest_route=\/wp\/v2\/media\/3207"}],"wp:attachment":[{"href":"http:\/\/jugend.mvfichtenberg.de\/index.php?rest_route=%2Fwp%2Fv2%2Fmedia&parent=3206"}],"wp:term":[{"taxonomy":"category","embeddable":true,"href":"http:\/\/jugend.mvfichtenberg.de\/index.php?rest_route=%2Fwp%2Fv2%2Fcategories&post=3206"},{"taxonomy":"post_tag","embeddable":true,"href":"http:\/\/jugend.mvfichtenberg.de\/index.php?rest_route=%2Fwp%2Fv2%2Ftags&post=3206"}],"curies":[{"name":"wp","href":"https:\/\/api.w.org\/{rel}","templated":true}]}}