{"id":4237,"date":"2017-10-03T20:57:59","date_gmt":"2017-10-03T18:57:59","guid":{"rendered":"http:\/\/jugend.mvfichtenberg.de\/?p=4237"},"modified":"2017-10-03T21:02:32","modified_gmt":"2017-10-03T19:02:32","slug":"weinfest-2017","status":"publish","type":"post","link":"http:\/\/jugend.mvfichtenberg.de\/?p=4237","title":{"rendered":"Weinfest 2017"},"content":{"rendered":"<div class=\"fcbkbttn_buttons_block\" id=\"fcbkbttn_middle\"><div class=\"fb-share-button  \" data-href=\"http:\/\/jugend.mvfichtenberg.de\/?p=4237\" data-type=\"button\" data-size=\"small\"><\/div><\/div><p style=\"text-align: center;\"><a href=\"http:\/\/jugend.mvfichtenberg.de\/wp-content\/uploads\/2017\/10\/IMG-20171003-WA0009.jpg\"><img loading=\"lazy\" decoding=\"async\" class=\"aligncenter size-medium wp-image-4239\" src=\"http:\/\/jugend.mvfichtenberg.de\/wp-content\/uploads\/2017\/10\/IMG-20171003-WA0009-300x169.jpg\" alt=\"\" width=\"300\" height=\"169\" srcset=\"http:\/\/jugend.mvfichtenberg.de\/wp-content\/uploads\/2017\/10\/IMG-20171003-WA0009-300x169.jpg 300w, http:\/\/jugend.mvfichtenberg.de\/wp-content\/uploads\/2017\/10\/IMG-20171003-WA0009-768x433.jpg 768w, http:\/\/jugend.mvfichtenberg.de\/wp-content\/uploads\/2017\/10\/IMG-20171003-WA0009-1024x577.jpg 1024w, http:\/\/jugend.mvfichtenberg.de\/wp-content\/uploads\/2017\/10\/IMG-20171003-WA0009.jpg 1136w\" sizes=\"auto, (max-width: 300px) 100vw, 300px\" \/><\/a><\/p>\n<p class=\"aligncenter\">Am Sonntag, den 01. Oktober 2017 fand das allj\u00e4hrliche Weinfest in der herbstlich dekorierten Gemeindehalle in Fichtenberg statt.<\/p>\n<p>Die Bl\u00e4serklasse und die Jugendkapelle hatten hier, w\u00e4hrend der Kaffeezeit, einen sch\u00f6nen einst\u00fcndigen Auftritt. Zuerst haben die beiden Gruppen zusammen St\u00fccke aus dem aktuellen Programm pr\u00e4sentiert. Nach einer kleinen Umbauphase hat die Jugendkapelle noch ein abwechselungsreiches Programm aufgespielt. Bei dem Auftritt haben alle ihr K\u00f6nnen unter Beweis gestellt, dies wurde vom Publikum mit gro\u00dfem Applaus belohnt! W\u00e4hrend dem gesamten Weinfest hat die Jugend tatkr\u00e4ftige bei vielen verschiedenen Aufgaben geholfen &#8211; zu den Aufgaben geh\u00f6rten: Getr\u00e4nke verkaufen, Besteck wickeln, abr\u00e4umen und vieles mehr.<\/p>\n<p>Die Jugend des Musikverein Fichtenberg e. V. bedankt sich f\u00fcr die zahlreichen Besucher und freut sich auf ein baldiges Wiedersehen!<\/p>\n","protected":false},"excerpt":{"rendered":"<p>Am Sonntag, den 01. Oktober 2017 fand das allj\u00e4hrliche Weinfest in der herbstlich dekorierten Gemeindehalle in Fichtenberg statt. Die Bl\u00e4serklasse und die Jugendkapelle hatten hier, w\u00e4hrend der Kaffeezeit, einen sch\u00f6nen einst\u00fcndigen Auftritt. Zuerst haben die beiden Gruppen zusammen St\u00fccke aus <a class=\"more-link\" href=\"http:\/\/jugend.mvfichtenberg.de\/?p=4237\">weiterlesen  <span class=\"screen-reader-text\">  Weinfest 2017<\/span><span class=\"meta-nav\">&rarr;<\/span><\/a><\/p>\n","protected":false},"author":3,"featured_media":4239,"comment_status":"open","ping_status":"open","sticky":false,"template":"","format":"standard","meta":{"ngg_post_thumbnail":0,"footnotes":""},"categories":[4,3],"tags":[],"class_list":["post-4237","post","type-post","status-publish","format-standard","has-post-thumbnail","hentry","category-freizeitaussermusikalisch","category-konzertauftritt"],"_links":{"self":[{"href":"http:\/\/jugend.mvfichtenberg.de\/index.php?rest_route=\/wp\/v2\/posts\/4237","targetHints":{"allow":["GET"]}}],"collection":[{"href":"http:\/\/jugend.mvfichtenberg.de\/index.php?rest_route=\/wp\/v2\/posts"}],"about":[{"href":"http:\/\/jugend.mvfichtenberg.de\/index.php?rest_route=\/wp\/v2\/types\/post"}],"author":[{"embeddable":true,"href":"http:\/\/jugend.mvfichtenberg.de\/index.php?rest_route=\/wp\/v2\/users\/3"}],"replies":[{"embeddable":true,"href":"http:\/\/jugend.mvfichtenberg.de\/index.php?rest_route=%2Fwp%2Fv2%2Fcomments&post=4237"}],"version-history":[{"count":6,"href":"http:\/\/jugend.mvfichtenberg.de\/index.php?rest_route=\/wp\/v2\/posts\/4237\/revisions"}],"predecessor-version":[{"id":4245,"href":"http:\/\/jugend.mvfichtenberg.de\/index.php?rest_route=\/wp\/v2\/posts\/4237\/revisions\/4245"}],"wp:featuredmedia":[{"embeddable":true,"href":"http:\/\/jugend.mvfichtenberg.de\/index.php?rest_route=\/wp\/v2\/media\/4239"}],"wp:attachment":[{"href":"http:\/\/jugend.mvfichtenberg.de\/index.php?rest_route=%2Fwp%2Fv2%2Fmedia&parent=4237"}],"wp:term":[{"taxonomy":"category","embeddable":true,"href":"http:\/\/jugend.mvfichtenberg.de\/index.php?rest_route=%2Fwp%2Fv2%2Fcategories&post=4237"},{"taxonomy":"post_tag","embeddable":true,"href":"http:\/\/jugend.mvfichtenberg.de\/index.php?rest_route=%2Fwp%2Fv2%2Ftags&post=4237"}],"curies":[{"name":"wp","href":"https:\/\/api.w.org\/{rel}","templated":true}]}}