{"id":4386,"date":"2018-01-04T19:46:57","date_gmt":"2018-01-04T18:46:57","guid":{"rendered":"http:\/\/jugend.mvfichtenberg.de\/?p=4386"},"modified":"2018-01-04T19:46:57","modified_gmt":"2018-01-04T18:46:57","slug":"weihnachtsfeier-2017","status":"publish","type":"post","link":"http:\/\/jugend.mvfichtenberg.de\/?p=4386","title":{"rendered":"Weihnachtsfeier 2017"},"content":{"rendered":"<div class=\"fcbkbttn_buttons_block\" id=\"fcbkbttn_middle\"><div class=\"fb-share-button  \" data-href=\"http:\/\/jugend.mvfichtenberg.de\/?p=4386\" data-type=\"button\" data-size=\"small\"><\/div><\/div><p><a href=\"http:\/\/jugend.mvfichtenberg.de\/wp-content\/uploads\/2018\/01\/IMG_8446-e1515091137818.jpg\"><img loading=\"lazy\" decoding=\"async\" class=\"size-medium wp-image-4389 alignleft\" src=\"http:\/\/jugend.mvfichtenberg.de\/wp-content\/uploads\/2018\/01\/IMG_8446-e1515091137818-200x300.jpg\" alt=\"\" width=\"200\" height=\"300\" srcset=\"http:\/\/jugend.mvfichtenberg.de\/wp-content\/uploads\/2018\/01\/IMG_8446-e1515091137818-200x300.jpg 200w, http:\/\/jugend.mvfichtenberg.de\/wp-content\/uploads\/2018\/01\/IMG_8446-e1515091137818-768x1152.jpg 768w, http:\/\/jugend.mvfichtenberg.de\/wp-content\/uploads\/2018\/01\/IMG_8446-e1515091137818-683x1024.jpg 683w\" sizes=\"auto, (max-width: 200px) 100vw, 200px\" \/><\/a> <a href=\"http:\/\/jugend.mvfichtenberg.de\/wp-content\/uploads\/2018\/01\/IMG_8427.jpg\"><img loading=\"lazy\" decoding=\"async\" class=\"size-medium wp-image-4392 alignright\" src=\"http:\/\/jugend.mvfichtenberg.de\/wp-content\/uploads\/2018\/01\/IMG_8427-300x200.jpg\" alt=\"\" width=\"300\" height=\"200\" srcset=\"http:\/\/jugend.mvfichtenberg.de\/wp-content\/uploads\/2018\/01\/IMG_8427-300x200.jpg 300w, http:\/\/jugend.mvfichtenberg.de\/wp-content\/uploads\/2018\/01\/IMG_8427-768x512.jpg 768w, http:\/\/jugend.mvfichtenberg.de\/wp-content\/uploads\/2018\/01\/IMG_8427-1024x683.jpg 1024w\" sizes=\"auto, (max-width: 300px) 100vw, 300px\" \/><\/a>Am letzten Mittwoch vor den Weihnachtsferien fand die Weihnachtsfeier der Jugend statt. W\u00e4hrend der Weihnachtsfeier wurden verschiedene Spiele gespielt &#8211; hierzu geh\u00f6rt auch das schon <span data-dobid=\"hdw\">traditionelle <\/span>&#8222;Schokolade auspacken&#8220;. Au\u00dferdem, wurde wieder eine super Diashow \u00fcber das ganze Jahre von Max Ebinger erstellt und pr\u00e4sentiert. Hierf\u00fcr bedankt sich die Jugend recht herzlich bei ihm. Anschlie\u00dfend gab es als Dankesch\u00f6n f\u00fcr die aktive Mitggestaltung des Weihnachtsmarktes in Fichtenberg Pizza zu essen. Eine \u00dcberraschung gab es in diesem Jahr auch &#8211; der Weihnachtsmann und seine Gehilfin haben sich auf den Weg zur Weihnachtsfeier gemacht und hatten f\u00fcr alle ein kleines Weihnachtsgeschenk dabei. Die Weihnachtsfeier wird auch jedes Jahr dazu genutzt, die &#8222;Probenflei\u00dfigsten&#8220; zu ehren. Dieses Jahr wurden Marlon und Hannah geehrt. Beide erhielten f\u00fcr ihre Flei\u00dfigkeit ein kleines Geschenk.<\/p>\n","protected":false},"excerpt":{"rendered":"<p>Am letzten Mittwoch vor den Weihnachtsferien fand die Weihnachtsfeier der Jugend statt. W\u00e4hrend der Weihnachtsfeier wurden verschiedene Spiele gespielt &#8211; hierzu geh\u00f6rt auch das schon traditionelle &#8222;Schokolade auspacken&#8220;. Au\u00dferdem, wurde wieder eine super Diashow \u00fcber das ganze Jahre von Max <a class=\"more-link\" href=\"http:\/\/jugend.mvfichtenberg.de\/?p=4386\">weiterlesen  <span class=\"screen-reader-text\">  Weihnachtsfeier 2017<\/span><span class=\"meta-nav\">&rarr;<\/span><\/a><\/p>\n","protected":false},"author":3,"featured_media":4392,"comment_status":"open","ping_status":"open","sticky":false,"template":"","format":"standard","meta":{"ngg_post_thumbnail":0,"footnotes":""},"categories":[4],"tags":[],"class_list":["post-4386","post","type-post","status-publish","format-standard","has-post-thumbnail","hentry","category-freizeitaussermusikalisch"],"_links":{"self":[{"href":"http:\/\/jugend.mvfichtenberg.de\/index.php?rest_route=\/wp\/v2\/posts\/4386","targetHints":{"allow":["GET"]}}],"collection":[{"href":"http:\/\/jugend.mvfichtenberg.de\/index.php?rest_route=\/wp\/v2\/posts"}],"about":[{"href":"http:\/\/jugend.mvfichtenberg.de\/index.php?rest_route=\/wp\/v2\/types\/post"}],"author":[{"embeddable":true,"href":"http:\/\/jugend.mvfichtenberg.de\/index.php?rest_route=\/wp\/v2\/users\/3"}],"replies":[{"embeddable":true,"href":"http:\/\/jugend.mvfichtenberg.de\/index.php?rest_route=%2Fwp%2Fv2%2Fcomments&post=4386"}],"version-history":[{"count":1,"href":"http:\/\/jugend.mvfichtenberg.de\/index.php?rest_route=\/wp\/v2\/posts\/4386\/revisions"}],"predecessor-version":[{"id":4393,"href":"http:\/\/jugend.mvfichtenberg.de\/index.php?rest_route=\/wp\/v2\/posts\/4386\/revisions\/4393"}],"wp:featuredmedia":[{"embeddable":true,"href":"http:\/\/jugend.mvfichtenberg.de\/index.php?rest_route=\/wp\/v2\/media\/4392"}],"wp:attachment":[{"href":"http:\/\/jugend.mvfichtenberg.de\/index.php?rest_route=%2Fwp%2Fv2%2Fmedia&parent=4386"}],"wp:term":[{"taxonomy":"category","embeddable":true,"href":"http:\/\/jugend.mvfichtenberg.de\/index.php?rest_route=%2Fwp%2Fv2%2Fcategories&post=4386"},{"taxonomy":"post_tag","embeddable":true,"href":"http:\/\/jugend.mvfichtenberg.de\/index.php?rest_route=%2Fwp%2Fv2%2Ftags&post=4386"}],"curies":[{"name":"wp","href":"https:\/\/api.w.org\/{rel}","templated":true}]}}