{"id":4402,"date":"2018-02-10T20:14:24","date_gmt":"2018-02-10T19:14:24","guid":{"rendered":"http:\/\/jugend.mvfichtenberg.de\/?p=4402"},"modified":"2018-02-13T09:20:14","modified_gmt":"2018-02-13T08:20:14","slug":"vorspielnachmittag","status":"publish","type":"post","link":"http:\/\/jugend.mvfichtenberg.de\/?p=4402","title":{"rendered":"Vorspielnachmittag"},"content":{"rendered":"<div class=\"fcbkbttn_buttons_block\" id=\"fcbkbttn_middle\"><div class=\"fb-share-button  \" data-href=\"http:\/\/jugend.mvfichtenberg.de\/?p=4402\" data-type=\"button\" data-size=\"small\"><\/div><\/div><p>Vorspielnachmittag am 04.02.2018<\/p>\n<p>Zum diesj\u00e4hrigen Vorspielnachmittag kamen knapp 60 Besucher, die von den Jungmusikern des Musikvereins Fichtenberg unterhalten wurden. F\u00fcr unsere kleinsten Musikanten war dieser Auftritt eine besondere Herausforderung, da sie teils zum ersten Mal vor Publikum spielten. Zugleich war es aber auch eine gute \u00dcbung f\u00fcr unseren Nachwuchs, f\u00fcr die zahlreichen folgenden Auftritte in diesem und den n\u00e4chsten Jahren. Alle haben es mit Bravour gemeistert! Begonnen haben in diesem Jahr die Fl\u00f6ten unter der Leitung von Sonja Fahrian mit einem Quintett. Danach f\u00fchrten die Klarinetten und Saxophone im Wechsel unter der Leitung von Uwe Traub und Gerlinde Hess das Programm fort. Einen musikalisch sch\u00f6nen Abschluss boten anschlie\u00dfend die Blechmusiker. Alle Musikanten spielten ihre St\u00fccke mit Spa\u00df und Erfolg vor. Einige der Jungmusiker werden Sie wieder an unserem Konzert am 11.03.2018 mit dem Motto: \u201e Leinen Los\u201c h\u00f6ren.<br \/>\nWir danken allen Spendern und freuen uns auf ein baldiges Wiedersehen.<br \/>\n\u201eLeinen Los \u201e! &#8211; bis zum n\u00e4chsten Mal am Fr\u00fchjahrskonzert.<\/p>\n<p>Ihr Musikverein Fichtenberg e.V.<\/p>\nngg_shortcode_0_placeholder\n","protected":false},"excerpt":{"rendered":"<p>Vorspielnachmittag am 04.02.2018 Zum diesj\u00e4hrigen Vorspielnachmittag kamen knapp 60 Besucher, die von den Jungmusikern des Musikvereins Fichtenberg unterhalten wurden. F\u00fcr unsere kleinsten Musikanten war dieser Auftritt eine besondere Herausforderung, da sie teils zum ersten Mal vor Publikum spielten. Zugleich war <a class=\"more-link\" href=\"http:\/\/jugend.mvfichtenberg.de\/?p=4402\">weiterlesen  <span class=\"screen-reader-text\">  Vorspielnachmittag<\/span><span class=\"meta-nav\">&rarr;<\/span><\/a><\/p>\n","protected":false},"author":4,"featured_media":4470,"comment_status":"open","ping_status":"open","sticky":false,"template":"","format":"standard","meta":{"ngg_post_thumbnail":0,"footnotes":""},"categories":[3],"tags":[],"class_list":["post-4402","post","type-post","status-publish","format-standard","has-post-thumbnail","hentry","category-konzertauftritt"],"_links":{"self":[{"href":"http:\/\/jugend.mvfichtenberg.de\/index.php?rest_route=\/wp\/v2\/posts\/4402","targetHints":{"allow":["GET"]}}],"collection":[{"href":"http:\/\/jugend.mvfichtenberg.de\/index.php?rest_route=\/wp\/v2\/posts"}],"about":[{"href":"http:\/\/jugend.mvfichtenberg.de\/index.php?rest_route=\/wp\/v2\/types\/post"}],"author":[{"embeddable":true,"href":"http:\/\/jugend.mvfichtenberg.de\/index.php?rest_route=\/wp\/v2\/users\/4"}],"replies":[{"embeddable":true,"href":"http:\/\/jugend.mvfichtenberg.de\/index.php?rest_route=%2Fwp%2Fv2%2Fcomments&post=4402"}],"version-history":[{"count":3,"href":"http:\/\/jugend.mvfichtenberg.de\/index.php?rest_route=\/wp\/v2\/posts\/4402\/revisions"}],"predecessor-version":[{"id":4469,"href":"http:\/\/jugend.mvfichtenberg.de\/index.php?rest_route=\/wp\/v2\/posts\/4402\/revisions\/4469"}],"wp:featuredmedia":[{"embeddable":true,"href":"http:\/\/jugend.mvfichtenberg.de\/index.php?rest_route=\/wp\/v2\/media\/4470"}],"wp:attachment":[{"href":"http:\/\/jugend.mvfichtenberg.de\/index.php?rest_route=%2Fwp%2Fv2%2Fmedia&parent=4402"}],"wp:term":[{"taxonomy":"category","embeddable":true,"href":"http:\/\/jugend.mvfichtenberg.de\/index.php?rest_route=%2Fwp%2Fv2%2Fcategories&post=4402"},{"taxonomy":"post_tag","embeddable":true,"href":"http:\/\/jugend.mvfichtenberg.de\/index.php?rest_route=%2Fwp%2Fv2%2Ftags&post=4402"}],"curies":[{"name":"wp","href":"https:\/\/api.w.org\/{rel}","templated":true}]}}