{"id":5575,"date":"2020-02-17T14:07:20","date_gmt":"2020-02-17T13:07:20","guid":{"rendered":"http:\/\/jugend.mvfichtenberg.de\/?p=5575"},"modified":"2020-02-26T07:04:11","modified_gmt":"2020-02-26T06:04:11","slug":"umzug-pferdemarkt-gaildorf-am-10-02-2020","status":"publish","type":"post","link":"http:\/\/jugend.mvfichtenberg.de\/?p=5575","title":{"rendered":"Umzug Pferdemarkt Gaildorf am  10.02.2020"},"content":{"rendered":"<div class=\"fcbkbttn_buttons_block\" id=\"fcbkbttn_middle\"><div class=\"fb-share-button  \" data-href=\"http:\/\/jugend.mvfichtenberg.de\/?p=5575\" data-type=\"button\" data-size=\"small\"><\/div><\/div><p>Diese Jahr, hat zum ersten Mal die Jugend mit einem eigenen Wagen beim Umzug des Pferdemarkt in Gaildorf teilgenommen.<br \/>Das Motto war &#8222;Reise in die Zukunft&#8220;.<br \/>Hier haben wir nun ein kleines Video von der Bauzeit bis zum Umzug zusammengestellt.<\/p>\n<p>Ganz herzlichen dank gilt unseren Projekt-Unterst\u00fctzer:<\/p>\n<p>-Ski- und Bikeservice, Frank Weidner, Fichtenberg<br \/>-Ebinger-Waagenbau GmbH, Fichtenberg<br \/>-Wilfried Ellinger, Gaildorf-Reippersberg<br \/>-Michael S\u00fcpple, Oberrot-Stiershof<br \/>-Armin Vogt, Fichtenberg<br \/>-Roland Schock, Zimmerei und Treppenbau, Fichtenberg-Hornberg<br \/>-BAG Fichtenberg<\/p>\n<p>und nat\u00fcrlich unseren Kinder und Jugendliche, die in unz\u00e4hligen Stunden, den Wagen hergerichtet und die Kost\u00fcme gebastelt haben.<\/p>\n<p>\u00a0<\/p>\n<p>Unter dem Bild ist der Link zum Video.<\/p>\n\n\n<div class=\"wp-block-image\"><figure class=\"aligncenter is-resized\"><img loading=\"lazy\" decoding=\"async\" src=\"http:\/\/jugend.mvfichtenberg.de\/wp-content\/uploads\/2020\/02\/IMG-20200210-WA0005.jpg\" alt=\"\" class=\"wp-image-5097\" width=\"474\" height=\"315\"\/><a href=\"http:\/\/jugend.mvfichtenberg.de\/wp-content\/uploads\/2020\/02\/JUKA-MVF-Pferdemarkt-2020.mp4\">                                  <p>Hier zum Video vom Pferdemarkt 2020<\/a><\/figure><\/div>\n","protected":false},"excerpt":{"rendered":"<p>Diese Jahr, hat zum ersten Mal die Jugend mit einem eigenen Wagen beim Umzug des Pferdemarkt in Gaildorf teilgenommen.Das Motto war &#8222;Reise in die Zukunft&#8220;.Hier haben wir nun ein kleines Video von der Bauzeit bis zum Umzug zusammengestellt. Ganz herzlichen <a class=\"more-link\" href=\"http:\/\/jugend.mvfichtenberg.de\/?p=5575\">weiterlesen  <span class=\"screen-reader-text\">  Umzug Pferdemarkt Gaildorf am  10.02.2020<\/span><span class=\"meta-nav\">&rarr;<\/span><\/a><\/p>\n","protected":false},"author":5,"featured_media":5589,"comment_status":"open","ping_status":"open","sticky":false,"template":"","format":"standard","meta":{"ngg_post_thumbnail":0,"footnotes":""},"categories":[4,22],"tags":[],"class_list":["post-5575","post","type-post","status-publish","format-standard","has-post-thumbnail","hentry","category-freizeitaussermusikalisch","category-musikalischer-auftritt"],"_links":{"self":[{"href":"http:\/\/jugend.mvfichtenberg.de\/index.php?rest_route=\/wp\/v2\/posts\/5575","targetHints":{"allow":["GET"]}}],"collection":[{"href":"http:\/\/jugend.mvfichtenberg.de\/index.php?rest_route=\/wp\/v2\/posts"}],"about":[{"href":"http:\/\/jugend.mvfichtenberg.de\/index.php?rest_route=\/wp\/v2\/types\/post"}],"author":[{"embeddable":true,"href":"http:\/\/jugend.mvfichtenberg.de\/index.php?rest_route=\/wp\/v2\/users\/5"}],"replies":[{"embeddable":true,"href":"http:\/\/jugend.mvfichtenberg.de\/index.php?rest_route=%2Fwp%2Fv2%2Fcomments&post=5575"}],"version-history":[{"count":21,"href":"http:\/\/jugend.mvfichtenberg.de\/index.php?rest_route=\/wp\/v2\/posts\/5575\/revisions"}],"predecessor-version":[{"id":5631,"href":"http:\/\/jugend.mvfichtenberg.de\/index.php?rest_route=\/wp\/v2\/posts\/5575\/revisions\/5631"}],"wp:featuredmedia":[{"embeddable":true,"href":"http:\/\/jugend.mvfichtenberg.de\/index.php?rest_route=\/wp\/v2\/media\/5589"}],"wp:attachment":[{"href":"http:\/\/jugend.mvfichtenberg.de\/index.php?rest_route=%2Fwp%2Fv2%2Fmedia&parent=5575"}],"wp:term":[{"taxonomy":"category","embeddable":true,"href":"http:\/\/jugend.mvfichtenberg.de\/index.php?rest_route=%2Fwp%2Fv2%2Fcategories&post=5575"},{"taxonomy":"post_tag","embeddable":true,"href":"http:\/\/jugend.mvfichtenberg.de\/index.php?rest_route=%2Fwp%2Fv2%2Ftags&post=5575"}],"curies":[{"name":"wp","href":"https:\/\/api.w.org\/{rel}","templated":true}]}}