{"id":602,"date":"2014-08-20T22:08:27","date_gmt":"2014-08-20T20:08:27","guid":{"rendered":"http:\/\/jugend.mvfichtenberg.de\/?p=602"},"modified":"2014-08-27T11:34:49","modified_gmt":"2014-08-27T09:34:49","slug":"ferienprogramm-20-08-2014","status":"publish","type":"post","link":"http:\/\/jugend.mvfichtenberg.de\/?p=602","title":{"rendered":"Ferienprogramm 20.08.2014"},"content":{"rendered":"<div class=\"fcbkbttn_buttons_block\" id=\"fcbkbttn_middle\"><div class=\"fb-share-button  \" data-href=\"http:\/\/jugend.mvfichtenberg.de\/?p=602\" data-type=\"button\" data-size=\"small\"><\/div><\/div><p><a href=\"http:\/\/jugend.mvfichtenberg.de\/wp-content\/uploads\/2014\/08\/IMG_1128.jpg\"><img loading=\"lazy\" decoding=\"async\" class=\"size-medium wp-image-603 alignleft\" alt=\"Gruppenfoto\" src=\"http:\/\/jugend.mvfichtenberg.de\/wp-content\/uploads\/2014\/08\/IMG_1128-300x225.jpg\" width=\"300\" height=\"225\" srcset=\"http:\/\/jugend.mvfichtenberg.de\/wp-content\/uploads\/2014\/08\/IMG_1128-300x225.jpg 300w, http:\/\/jugend.mvfichtenberg.de\/wp-content\/uploads\/2014\/08\/IMG_1128-1024x768.jpg 1024w\" sizes=\"auto, (max-width: 300px) 100vw, 300px\" \/><\/a>Unter dem Motto &#8222;Schnitzeljagd durch die Musikgeschichte&#8220; haben wir uns am diesj\u00e4hrigen Ferienprogramm in Fichtenberg beteiligt. Die Schnitzeljagd f\u00fchrte durch die Siedlungen von Fichtenberg.<\/p>\n<p>Nach einer kurzen Begr\u00fc\u00dfung von unserem Jugendleiter Andreas Fischer, teilten wir unsere Teilnehmerinnen und Teilnehmer in 3 Gruppen auf. Anschlie\u00dfend machten sich die 3 Gruppen, mit einer Begleitperson aus unserer Jugendkapelle auf den Weg zu vier verschiedenen Stationen in Fichtenberg. An diesen Stationen mussten die Gruppen<br \/>\nz. B. einen Ton auf der Klarinette\/ dem Tenorhorn spielen oder einen Notenschl\u00fcssel zeichnen. Da es bei den verschiedenen Stationen auch um das Sammeln von Punkten ging, strengte sich jede Gruppe extra an &#8211; schlie\u00dflich wollte jede Gruppe die Belohnung gewinnen.<\/p>\n<p>Nachdem jede Gruppe die einzelnen Stationen absolviert hat, kamen alle zur\u00fcck an den Startpunkt, den Proberaum des Musikverein Fichtenberg. Hier spielten wir alle gemeinsam noch &#8222;faules Ei&#8220; bis unser Jugendleiter Andreas Fischer die W\u00fcrstchen fertig gegrillt hat. Diese haben wir dann alle gemeinsam zum Abschluss gegessen.<\/p>\n","protected":false},"excerpt":{"rendered":"<p>Unter dem Motto &#8222;Schnitzeljagd durch die Musikgeschichte&#8220; haben wir uns am diesj\u00e4hrigen Ferienprogramm in Fichtenberg beteiligt. Die Schnitzeljagd f\u00fchrte durch die Siedlungen von Fichtenberg. Nach einer kurzen Begr\u00fc\u00dfung von unserem Jugendleiter Andreas Fischer, teilten wir unsere Teilnehmerinnen und Teilnehmer in <a class=\"more-link\" href=\"http:\/\/jugend.mvfichtenberg.de\/?p=602\">weiterlesen  <span class=\"screen-reader-text\">  Ferienprogramm 20.08.2014<\/span><span class=\"meta-nav\">&rarr;<\/span><\/a><\/p>\n","protected":false},"author":3,"featured_media":603,"comment_status":"open","ping_status":"open","sticky":false,"template":"","format":"standard","meta":{"ngg_post_thumbnail":0,"footnotes":""},"categories":[4],"tags":[],"class_list":["post-602","post","type-post","status-publish","format-standard","has-post-thumbnail","hentry","category-freizeitaussermusikalisch"],"_links":{"self":[{"href":"http:\/\/jugend.mvfichtenberg.de\/index.php?rest_route=\/wp\/v2\/posts\/602","targetHints":{"allow":["GET"]}}],"collection":[{"href":"http:\/\/jugend.mvfichtenberg.de\/index.php?rest_route=\/wp\/v2\/posts"}],"about":[{"href":"http:\/\/jugend.mvfichtenberg.de\/index.php?rest_route=\/wp\/v2\/types\/post"}],"author":[{"embeddable":true,"href":"http:\/\/jugend.mvfichtenberg.de\/index.php?rest_route=\/wp\/v2\/users\/3"}],"replies":[{"embeddable":true,"href":"http:\/\/jugend.mvfichtenberg.de\/index.php?rest_route=%2Fwp%2Fv2%2Fcomments&post=602"}],"version-history":[{"count":1,"href":"http:\/\/jugend.mvfichtenberg.de\/index.php?rest_route=\/wp\/v2\/posts\/602\/revisions"}],"predecessor-version":[{"id":606,"href":"http:\/\/jugend.mvfichtenberg.de\/index.php?rest_route=\/wp\/v2\/posts\/602\/revisions\/606"}],"wp:featuredmedia":[{"embeddable":true,"href":"http:\/\/jugend.mvfichtenberg.de\/index.php?rest_route=\/wp\/v2\/media\/603"}],"wp:attachment":[{"href":"http:\/\/jugend.mvfichtenberg.de\/index.php?rest_route=%2Fwp%2Fv2%2Fmedia&parent=602"}],"wp:term":[{"taxonomy":"category","embeddable":true,"href":"http:\/\/jugend.mvfichtenberg.de\/index.php?rest_route=%2Fwp%2Fv2%2Fcategories&post=602"},{"taxonomy":"post_tag","embeddable":true,"href":"http:\/\/jugend.mvfichtenberg.de\/index.php?rest_route=%2Fwp%2Fv2%2Ftags&post=602"}],"curies":[{"name":"wp","href":"https:\/\/api.w.org\/{rel}","templated":true}]}}