{"id":6127,"date":"2023-06-29T09:52:47","date_gmt":"2023-06-29T07:52:47","guid":{"rendered":"http:\/\/jugend.mvfichtenberg.de\/?p=6127"},"modified":"2023-06-29T10:01:46","modified_gmt":"2023-06-29T08:01:46","slug":"bilderrueckblick-zum-musical-zauberland-24-25-juni-2023","status":"publish","type":"post","link":"http:\/\/jugend.mvfichtenberg.de\/?p=6127","title":{"rendered":"Bilderr\u00fcckblick zum Musical &#8222;Zauberland&#8220; 24.\/25. Juni 2023"},"content":{"rendered":"<div class=\"fcbkbttn_buttons_block\" id=\"fcbkbttn_middle\"><div class=\"fb-share-button  \" data-href=\"http:\/\/jugend.mvfichtenberg.de\/?p=6127\" data-type=\"button\" data-size=\"small\"><\/div><\/div>\n<figure class=\"wp-block-image size-full\"><a href=\"http:\/\/jugend.mvfichtenberg.de\/wp-content\/uploads\/2023\/06\/P1070797.jpg\"><img loading=\"lazy\" decoding=\"async\" width=\"1024\" height=\"769\" src=\"http:\/\/jugend.mvfichtenberg.de\/wp-content\/uploads\/2023\/06\/P1070797.jpg\" alt=\"\" class=\"wp-image-6131\" srcset=\"http:\/\/jugend.mvfichtenberg.de\/wp-content\/uploads\/2023\/06\/P1070797.jpg 1024w, http:\/\/jugend.mvfichtenberg.de\/wp-content\/uploads\/2023\/06\/P1070797-300x225.jpg 300w, http:\/\/jugend.mvfichtenberg.de\/wp-content\/uploads\/2023\/06\/P1070797-768x577.jpg 768w\" sizes=\"auto, (max-width: 1024px) 100vw, 1024px\" \/><\/a><\/figure>\n\n\n\n<figure class=\"wp-block-image size-large\"><a href=\"http:\/\/jugend.mvfichtenberg.de\/wp-content\/uploads\/2023\/06\/ProjektpreisBuergerstiftung.jpg\"><img loading=\"lazy\" decoding=\"async\" width=\"1024\" height=\"865\" src=\"http:\/\/jugend.mvfichtenberg.de\/wp-content\/uploads\/2023\/06\/ProjektpreisBuergerstiftung-1024x865.jpg\" alt=\"\" class=\"wp-image-6132\" srcset=\"http:\/\/jugend.mvfichtenberg.de\/wp-content\/uploads\/2023\/06\/ProjektpreisBuergerstiftung-1024x865.jpg 1024w, http:\/\/jugend.mvfichtenberg.de\/wp-content\/uploads\/2023\/06\/ProjektpreisBuergerstiftung-300x253.jpg 300w, http:\/\/jugend.mvfichtenberg.de\/wp-content\/uploads\/2023\/06\/ProjektpreisBuergerstiftung-768x649.jpg 768w, http:\/\/jugend.mvfichtenberg.de\/wp-content\/uploads\/2023\/06\/ProjektpreisBuergerstiftung.jpg 1274w\" sizes=\"auto, (max-width: 1024px) 100vw, 1024px\" \/><\/a><figcaption class=\"wp-element-caption\">\u00dcbergabe Projektpreis der B\u00fcrgerstiftung Fichtenberg: Dirigent Uwe Traub, B\u00fcrgermeisiter  Ralf Glenk, Konrektorin Sabrina Stanczak, Jugendleiterin Janina Schramm<\/figcaption><\/figure>\n\n\n\nngg_shortcode_0_placeholder\n","protected":false},"excerpt":{"rendered":"","protected":false},"author":1,"featured_media":6132,"comment_status":"closed","ping_status":"closed","sticky":false,"template":"","format":"standard","meta":{"ngg_post_thumbnail":0,"footnotes":""},"categories":[3,22],"tags":[],"class_list":["post-6127","post","type-post","status-publish","format-standard","has-post-thumbnail","hentry","category-konzertauftritt","category-musikalischer-auftritt"],"_links":{"self":[{"href":"http:\/\/jugend.mvfichtenberg.de\/index.php?rest_route=\/wp\/v2\/posts\/6127","targetHints":{"allow":["GET"]}}],"collection":[{"href":"http:\/\/jugend.mvfichtenberg.de\/index.php?rest_route=\/wp\/v2\/posts"}],"about":[{"href":"http:\/\/jugend.mvfichtenberg.de\/index.php?rest_route=\/wp\/v2\/types\/post"}],"author":[{"embeddable":true,"href":"http:\/\/jugend.mvfichtenberg.de\/index.php?rest_route=\/wp\/v2\/users\/1"}],"replies":[{"embeddable":true,"href":"http:\/\/jugend.mvfichtenberg.de\/index.php?rest_route=%2Fwp%2Fv2%2Fcomments&post=6127"}],"version-history":[{"count":3,"href":"http:\/\/jugend.mvfichtenberg.de\/index.php?rest_route=\/wp\/v2\/posts\/6127\/revisions"}],"predecessor-version":[{"id":6136,"href":"http:\/\/jugend.mvfichtenberg.de\/index.php?rest_route=\/wp\/v2\/posts\/6127\/revisions\/6136"}],"wp:featuredmedia":[{"embeddable":true,"href":"http:\/\/jugend.mvfichtenberg.de\/index.php?rest_route=\/wp\/v2\/media\/6132"}],"wp:attachment":[{"href":"http:\/\/jugend.mvfichtenberg.de\/index.php?rest_route=%2Fwp%2Fv2%2Fmedia&parent=6127"}],"wp:term":[{"taxonomy":"category","embeddable":true,"href":"http:\/\/jugend.mvfichtenberg.de\/index.php?rest_route=%2Fwp%2Fv2%2Fcategories&post=6127"},{"taxonomy":"post_tag","embeddable":true,"href":"http:\/\/jugend.mvfichtenberg.de\/index.php?rest_route=%2Fwp%2Fv2%2Ftags&post=6127"}],"curies":[{"name":"wp","href":"https:\/\/api.w.org\/{rel}","templated":true}]}}