{"id":6320,"date":"2025-05-20T14:18:06","date_gmt":"2025-05-20T12:18:06","guid":{"rendered":"http:\/\/jugend.mvfichtenberg.de\/?p=6320"},"modified":"2025-05-20T14:47:57","modified_gmt":"2025-05-20T12:47:57","slug":"konfirmation-18-mai-2025","status":"publish","type":"post","link":"http:\/\/jugend.mvfichtenberg.de\/?p=6320","title":{"rendered":"Konfirmation 18. Mai 2025"},"content":{"rendered":"<div class=\"fcbkbttn_buttons_block\" id=\"fcbkbttn_middle\"><div class=\"fb-share-button  \" data-href=\"http:\/\/jugend.mvfichtenberg.de\/?p=6320\" data-type=\"button\" data-size=\"small\"><\/div><\/div>\n<figure class=\"wp-block-image size-large is-resized\"><a href=\"http:\/\/jugend.mvfichtenberg.de\/wp-content\/uploads\/2025\/05\/20250518_094036.jpg\"><img loading=\"lazy\" decoding=\"async\" width=\"1024\" height=\"693\" src=\"http:\/\/jugend.mvfichtenberg.de\/wp-content\/uploads\/2025\/05\/20250518_094036-1024x693.jpg\" alt=\"\" class=\"wp-image-6321\" style=\"width:522px;height:auto\" srcset=\"http:\/\/jugend.mvfichtenberg.de\/wp-content\/uploads\/2025\/05\/20250518_094036-1024x693.jpg 1024w, http:\/\/jugend.mvfichtenberg.de\/wp-content\/uploads\/2025\/05\/20250518_094036-300x203.jpg 300w, http:\/\/jugend.mvfichtenberg.de\/wp-content\/uploads\/2025\/05\/20250518_094036-768x520.jpg 768w, http:\/\/jugend.mvfichtenberg.de\/wp-content\/uploads\/2025\/05\/20250518_094036-1536x1040.jpg 1536w, http:\/\/jugend.mvfichtenberg.de\/wp-content\/uploads\/2025\/05\/20250518_094036-2048x1386.jpg 2048w\" sizes=\"auto, (max-width: 1024px) 100vw, 1024px\" \/><\/a><\/figure>\n\n\n\n<p>Bei der Konfirmation am 18. Mai 2025 hat die Jugendkapelle mit den St\u00fccken \u201eI will follow him\u201c und \u201eCan you feel the love tonight\u201c den Gottesdiest musikalisch mitgestaltet. Im Anschluss hat die Stammkapelle noch ein Platzkonzert vor der Kirche f\u00fcr alle G\u00e4ste gespielt.<br><br>Der Musikverein gratuliert allen Konfirmandinnen und Konfirmanden zu Ihrem gro\u00dfen Tag. Ganz besonders gratulieren wir Souri, Nele, Anne, Kira, Julius und Santino Alle sechs spielen in der Jugendkapelle.<\/p>\n\n\n\nngg_shortcode_0_placeholder\n","protected":false},"excerpt":{"rendered":"<p>Bei der Konfirmation am 18. Mai 2025 hat die Jugendkapelle mit den St\u00fccken \u201eI will follow him\u201c und \u201eCan you feel the love tonight\u201c den Gottesdiest musikalisch mitgestaltet. Im Anschluss hat die Stammkapelle noch ein Platzkonzert vor der Kirche f\u00fcr <a class=\"more-link\" href=\"http:\/\/jugend.mvfichtenberg.de\/?p=6320\">weiterlesen  <span class=\"screen-reader-text\">  Konfirmation 18. Mai 2025<\/span><span class=\"meta-nav\">&rarr;<\/span><\/a><\/p>\n","protected":false},"author":1,"featured_media":6321,"comment_status":"closed","ping_status":"open","sticky":false,"template":"","format":"standard","meta":{"ngg_post_thumbnail":0,"footnotes":""},"categories":[22],"tags":[],"class_list":["post-6320","post","type-post","status-publish","format-standard","has-post-thumbnail","hentry","category-musikalischer-auftritt"],"_links":{"self":[{"href":"http:\/\/jugend.mvfichtenberg.de\/index.php?rest_route=\/wp\/v2\/posts\/6320","targetHints":{"allow":["GET"]}}],"collection":[{"href":"http:\/\/jugend.mvfichtenberg.de\/index.php?rest_route=\/wp\/v2\/posts"}],"about":[{"href":"http:\/\/jugend.mvfichtenberg.de\/index.php?rest_route=\/wp\/v2\/types\/post"}],"author":[{"embeddable":true,"href":"http:\/\/jugend.mvfichtenberg.de\/index.php?rest_route=\/wp\/v2\/users\/1"}],"replies":[{"embeddable":true,"href":"http:\/\/jugend.mvfichtenberg.de\/index.php?rest_route=%2Fwp%2Fv2%2Fcomments&post=6320"}],"version-history":[{"count":4,"href":"http:\/\/jugend.mvfichtenberg.de\/index.php?rest_route=\/wp\/v2\/posts\/6320\/revisions"}],"predecessor-version":[{"id":6333,"href":"http:\/\/jugend.mvfichtenberg.de\/index.php?rest_route=\/wp\/v2\/posts\/6320\/revisions\/6333"}],"wp:featuredmedia":[{"embeddable":true,"href":"http:\/\/jugend.mvfichtenberg.de\/index.php?rest_route=\/wp\/v2\/media\/6321"}],"wp:attachment":[{"href":"http:\/\/jugend.mvfichtenberg.de\/index.php?rest_route=%2Fwp%2Fv2%2Fmedia&parent=6320"}],"wp:term":[{"taxonomy":"category","embeddable":true,"href":"http:\/\/jugend.mvfichtenberg.de\/index.php?rest_route=%2Fwp%2Fv2%2Fcategories&post=6320"},{"taxonomy":"post_tag","embeddable":true,"href":"http:\/\/jugend.mvfichtenberg.de\/index.php?rest_route=%2Fwp%2Fv2%2Ftags&post=6320"}],"curies":[{"name":"wp","href":"https:\/\/api.w.org\/{rel}","templated":true}]}}