{"id":6350,"date":"2025-06-05T10:46:42","date_gmt":"2025-06-05T08:46:42","guid":{"rendered":"http:\/\/jugend.mvfichtenberg.de\/?p=6350"},"modified":"2025-06-05T10:48:15","modified_gmt":"2025-06-05T08:48:15","slug":"marschprobe-der-jugendkapelle-am-3-juni-2025","status":"publish","type":"post","link":"http:\/\/jugend.mvfichtenberg.de\/?p=6350","title":{"rendered":"Marschprobe der Jugendkapelle am 3. Juni 2025"},"content":{"rendered":"<div class=\"fcbkbttn_buttons_block\" id=\"fcbkbttn_middle\"><div class=\"fb-share-button  \" data-href=\"http:\/\/jugend.mvfichtenberg.de\/?p=6350\" data-type=\"button\" data-size=\"small\"><\/div><\/div>\n<div class=\"wp-block-media-text is-stacked-on-mobile\" style=\"grid-template-columns:51% auto\"><figure  class=\"wp-block-media-text__media\"><img loading=\"lazy\" decoding=\"async\" width=\"1471\" height=\"1513\" alt=\"\" src=\"http:\/\/jugend.mvfichtenberg.de\/wp-content\/uploads\/2025\/06\/PXL_20250603_1820054692.jpg\" class=\"wp-image-6351 size-full\" srcset=\"http:\/\/jugend.mvfichtenberg.de\/wp-content\/uploads\/2025\/06\/PXL_20250603_1820054692.jpg 1471w, http:\/\/jugend.mvfichtenberg.de\/wp-content\/uploads\/2025\/06\/PXL_20250603_1820054692-292x300.jpg 292w, http:\/\/jugend.mvfichtenberg.de\/wp-content\/uploads\/2025\/06\/PXL_20250603_1820054692-996x1024.jpg 996w, http:\/\/jugend.mvfichtenberg.de\/wp-content\/uploads\/2025\/06\/PXL_20250603_1820054692-768x790.jpg 768w\" sizes=\"auto, (max-width: 1471px) 100vw, 1471px\" \/><\/figure><div class=\"wp-block-media-text__content\">\n<p>Vielleicht haben Sie uns ja geh\u00f6rt \u2026<\/p>\n\n\n\n<p>In der vergangenen Woche fand zur regul\u00e4ren Probenzeit eine Marschprobe statt. Gemeinsam mit unserer Jugend haben wir uns zun\u00e4chst im Proberaum eingespielt. Anschlie\u00dfend erhielt unser Nachwuchs einen Einblick in die Grundlagen und Regeln des Marschierens. Nat\u00fcrlich nutzten auch einige der \u201ealten Hasen\u201c die Gelegenheit, ihr Wissen aufzufrischen.<\/p>\n\n\n\n<p><\/p>\n<\/div><\/div>\n\n\n\n<p>Nach der Aufstellung und einigen letzten Instruktionen ging es zun\u00e4chst ohne Instrumente los: Marschieren, den richtigen Fu\u00df w\u00e4hlen, Abstand halten und in sauberer Formation um Kurven laufen. Nach einigen Metern gab die Trommel das Signal, und wir versuchten uns am neuen Marsch\u00a0<strong>\u201eA Good Start\u201c<\/strong>. Wir marschierten musizierend durch die Anlagen, an der Krone vorbei, \u00fcber die Erlenhoferstra\u00dfe bis zur Schule. Dort angekommen, l\u00f6sten wir die Formation auf und machten ein gemeinsames Abschlussfoto.<\/p>\n\n\n\nngg_shortcode_0_placeholder\n","protected":false},"excerpt":{"rendered":"<p>Vielleicht haben Sie uns ja geh\u00f6rt \u2026 In der vergangenen Woche fand zur regul\u00e4ren Probenzeit eine Marschprobe statt. Gemeinsam mit unserer Jugend haben wir uns zun\u00e4chst im Proberaum eingespielt. Anschlie\u00dfend erhielt unser Nachwuchs einen Einblick in die Grundlagen und Regeln <a class=\"more-link\" href=\"http:\/\/jugend.mvfichtenberg.de\/?p=6350\">weiterlesen  <span class=\"screen-reader-text\">  Marschprobe der Jugendkapelle am 3. Juni 2025<\/span><span class=\"meta-nav\">&rarr;<\/span><\/a><\/p>\n","protected":false},"author":1,"featured_media":6351,"comment_status":"closed","ping_status":"open","sticky":false,"template":"","format":"standard","meta":{"ngg_post_thumbnail":0,"footnotes":""},"categories":[22],"tags":[],"class_list":["post-6350","post","type-post","status-publish","format-standard","has-post-thumbnail","hentry","category-musikalischer-auftritt"],"_links":{"self":[{"href":"http:\/\/jugend.mvfichtenberg.de\/index.php?rest_route=\/wp\/v2\/posts\/6350","targetHints":{"allow":["GET"]}}],"collection":[{"href":"http:\/\/jugend.mvfichtenberg.de\/index.php?rest_route=\/wp\/v2\/posts"}],"about":[{"href":"http:\/\/jugend.mvfichtenberg.de\/index.php?rest_route=\/wp\/v2\/types\/post"}],"author":[{"embeddable":true,"href":"http:\/\/jugend.mvfichtenberg.de\/index.php?rest_route=\/wp\/v2\/users\/1"}],"replies":[{"embeddable":true,"href":"http:\/\/jugend.mvfichtenberg.de\/index.php?rest_route=%2Fwp%2Fv2%2Fcomments&post=6350"}],"version-history":[{"count":2,"href":"http:\/\/jugend.mvfichtenberg.de\/index.php?rest_route=\/wp\/v2\/posts\/6350\/revisions"}],"predecessor-version":[{"id":6354,"href":"http:\/\/jugend.mvfichtenberg.de\/index.php?rest_route=\/wp\/v2\/posts\/6350\/revisions\/6354"}],"wp:featuredmedia":[{"embeddable":true,"href":"http:\/\/jugend.mvfichtenberg.de\/index.php?rest_route=\/wp\/v2\/media\/6351"}],"wp:attachment":[{"href":"http:\/\/jugend.mvfichtenberg.de\/index.php?rest_route=%2Fwp%2Fv2%2Fmedia&parent=6350"}],"wp:term":[{"taxonomy":"category","embeddable":true,"href":"http:\/\/jugend.mvfichtenberg.de\/index.php?rest_route=%2Fwp%2Fv2%2Fcategories&post=6350"},{"taxonomy":"post_tag","embeddable":true,"href":"http:\/\/jugend.mvfichtenberg.de\/index.php?rest_route=%2Fwp%2Fv2%2Ftags&post=6350"}],"curies":[{"name":"wp","href":"https:\/\/api.w.org\/{rel}","templated":true}]}}