{"id":6395,"date":"2025-09-16T14:17:06","date_gmt":"2025-09-16T12:17:06","guid":{"rendered":"http:\/\/jugend.mvfichtenberg.de\/?p=6395"},"modified":"2025-10-21T10:26:24","modified_gmt":"2025-10-21T08:26:24","slug":"ferienprogramm-30-08-2025","status":"publish","type":"post","link":"http:\/\/jugend.mvfichtenberg.de\/?p=6395","title":{"rendered":"Ferienprogramm 30.08.2025"},"content":{"rendered":"<div class=\"fcbkbttn_buttons_block\" id=\"fcbkbttn_middle\"><div class=\"fb-share-button  \" data-href=\"http:\/\/jugend.mvfichtenberg.de\/?p=6395\" data-type=\"button\" data-size=\"small\"><\/div><\/div>\n<p>Am Sonntag, 30.08.2025 gestaltete der Musikverein Fichtenberg e. V. unter der Leitung von Janina, Daniela und Robin eine musikalische Schnitzeljagd. W\u00e4hrend der Schnitzeljagd galt es, an verschiedenen Stationen Aufgaben als Gruppe gemeinsam zu l\u00f6sen. Nur, wenn die jeweilige Aufgabe erfolgreich abgeschlossen wurde, gab es einen Hinweis auf die n\u00e4chste Station. So ging es vom \u00dcbungsraum des Musikverein, an der Go-Kart Bahn vorbei nach Mittelrot. \u00dcberquert wurde dann die Eisenbahnbr\u00fccke, bevor es Richtung Spielplatz in Mittelrot ging. Die n\u00e4chste Station wartete dann an der Br\u00fccke Reutehaus. Von hier aus ging es Richtung Parkplatz an der Kronm\u00fchle bevor es zum Endsport Richtung Industriegebiet und zur Abschlussstation dem Schuppen des Musikverein ging. Bei den verschiedenen Stationen galt es z.B. ein Instrumenten-Memory zu l\u00f6sen, Gegenst\u00e4nde zu transportieren ohne die H\u00e4nde zu benutzen, Puzzleteile zu suchen und zusammenzuf\u00fcgen und vieles mehr. Alle Aufgaben wurden erfolgreich gemeistert, sodass es beim gemeinsamen Abschlussgrillen am Schuppen, hier auch einen Dank an J\u00fcrgen und Max f\u00fcrs Grillen, f\u00fcr alle Teilnehmer eine Kleinigkeit gegeben hat.<br><\/p>\n","protected":false},"excerpt":{"rendered":"<p>Am Sonntag, 30.08.2025 gestaltete der Musikverein Fichtenberg e. V. unter der Leitung von Janina, Daniela und Robin eine musikalische Schnitzeljagd. W\u00e4hrend der Schnitzeljagd galt es, an verschiedenen Stationen Aufgaben als Gruppe gemeinsam zu l\u00f6sen. Nur, wenn die jeweilige Aufgabe erfolgreich <a class=\"more-link\" href=\"http:\/\/jugend.mvfichtenberg.de\/?p=6395\">weiterlesen  <span class=\"screen-reader-text\">  Ferienprogramm 30.08.2025<\/span><span class=\"meta-nav\">&rarr;<\/span><\/a><\/p>\n","protected":false},"author":3,"featured_media":0,"comment_status":"closed","ping_status":"open","sticky":false,"template":"","format":"standard","meta":{"ngg_post_thumbnail":0,"footnotes":""},"categories":[4,26],"tags":[],"class_list":["post-6395","post","type-post","status-publish","format-standard","hentry","category-freizeitaussermusikalisch","category-vereinstaetigkeit"],"_links":{"self":[{"href":"http:\/\/jugend.mvfichtenberg.de\/index.php?rest_route=\/wp\/v2\/posts\/6395","targetHints":{"allow":["GET"]}}],"collection":[{"href":"http:\/\/jugend.mvfichtenberg.de\/index.php?rest_route=\/wp\/v2\/posts"}],"about":[{"href":"http:\/\/jugend.mvfichtenberg.de\/index.php?rest_route=\/wp\/v2\/types\/post"}],"author":[{"embeddable":true,"href":"http:\/\/jugend.mvfichtenberg.de\/index.php?rest_route=\/wp\/v2\/users\/3"}],"replies":[{"embeddable":true,"href":"http:\/\/jugend.mvfichtenberg.de\/index.php?rest_route=%2Fwp%2Fv2%2Fcomments&post=6395"}],"version-history":[{"count":3,"href":"http:\/\/jugend.mvfichtenberg.de\/index.php?rest_route=\/wp\/v2\/posts\/6395\/revisions"}],"predecessor-version":[{"id":6421,"href":"http:\/\/jugend.mvfichtenberg.de\/index.php?rest_route=\/wp\/v2\/posts\/6395\/revisions\/6421"}],"wp:attachment":[{"href":"http:\/\/jugend.mvfichtenberg.de\/index.php?rest_route=%2Fwp%2Fv2%2Fmedia&parent=6395"}],"wp:term":[{"taxonomy":"category","embeddable":true,"href":"http:\/\/jugend.mvfichtenberg.de\/index.php?rest_route=%2Fwp%2Fv2%2Fcategories&post=6395"},{"taxonomy":"post_tag","embeddable":true,"href":"http:\/\/jugend.mvfichtenberg.de\/index.php?rest_route=%2Fwp%2Fv2%2Ftags&post=6395"}],"curies":[{"name":"wp","href":"https:\/\/api.w.org\/{rel}","templated":true}]}}