{"id":6399,"date":"2025-10-21T09:49:52","date_gmt":"2025-10-21T07:49:52","guid":{"rendered":"http:\/\/jugend.mvfichtenberg.de\/?p=6399"},"modified":"2025-10-21T10:24:34","modified_gmt":"2025-10-21T08:24:34","slug":"jugendserenade-samstag-15-november-18-00-uhr","status":"publish","type":"post","link":"http:\/\/jugend.mvfichtenberg.de\/?p=6399","title":{"rendered":"Jugendserenade  Samstag 15. November 18.00 Uhr"},"content":{"rendered":"<div class=\"fcbkbttn_buttons_block\" id=\"fcbkbttn_middle\"><div class=\"fb-share-button  \" data-href=\"http:\/\/jugend.mvfichtenberg.de\/?p=6399\" data-type=\"button\" data-size=\"small\"><\/div><\/div>\n<div class=\"wp-block-media-text has-media-on-the-right is-stacked-on-mobile is-vertically-aligned-top\" style=\"grid-template-columns:auto 47%\"><div class=\"wp-block-media-text__content\">\n<p><strong>Nach l\u00e4ngerer Pause veranstalten wir wieder eine Jugendserenade. <\/strong><br><br>Am Samstag den 15. November um 18.00 Uhr ist es wieder soweit: Die <strong>Jugendkapelle<\/strong> wird in der Gemeindehalle Fichtenberg ein Konzert geben. <br>Das letzte mal haben wir diese Veranstaltung 2018 organisiert, also h\u00f6chste Zeit dieses Format wieder zu beleben.<br><br>Als weitere Nachwuchs-Musikgruppe des Vereines werden die <strong>Bl\u00e4serlinge<\/strong> auftreten. Hier handelt es sich um die Musiker, die in der 4. Klasse der Fichtenberger Grundschule gemeinsam musizieren.<br><\/p>\n<\/div><figure class=\"wp-block-media-text__media\"><a href=\"http:\/\/jugend.mvfichtenberg.de\/wp-content\/uploads\/2025\/10\/JugendserenadePlakat.jpg\" target=\"_blank\" rel=\" noreferrer noopener\"><img loading=\"lazy\" decoding=\"async\" width=\"709\" height=\"1024\" src=\"http:\/\/jugend.mvfichtenberg.de\/wp-content\/uploads\/2025\/10\/JugendserenadePlakat-709x1024.jpg\" alt=\"\" class=\"wp-image-6400 size-full\" srcset=\"http:\/\/jugend.mvfichtenberg.de\/wp-content\/uploads\/2025\/10\/JugendserenadePlakat-709x1024.jpg 709w, http:\/\/jugend.mvfichtenberg.de\/wp-content\/uploads\/2025\/10\/JugendserenadePlakat-208x300.jpg 208w, http:\/\/jugend.mvfichtenberg.de\/wp-content\/uploads\/2025\/10\/JugendserenadePlakat-768x1109.jpg 768w, http:\/\/jugend.mvfichtenberg.de\/wp-content\/uploads\/2025\/10\/JugendserenadePlakat-1063x1536.jpg 1063w, http:\/\/jugend.mvfichtenberg.de\/wp-content\/uploads\/2025\/10\/JugendserenadePlakat.jpg 1125w\" sizes=\"auto, (max-width: 709px) 100vw, 709px\" \/><\/a><\/figure><\/div>\n\n\n\n<p>Und als &#8222;Special Guest&#8220; haben wir die <strong>Jugendkapelle des Musikvereins Bretzfeld<\/strong> eingeladen. Wir haben uns sehr gefreut dieses Orchester f\u00fcr unsere Serenade gewinnen zu k\u00f6nnen. <br><br>Alle drei Formationen bereiten sich gerade in den Proben mit neuen Musikst\u00fccken speziell auf dieses Konzert vor. Seid gespannt auf die Musiker und deren Musik und kommt gerne vorbei.<br>Eintritt als Spende und f\u00fcr die n\u00f6tige Erfrischung (kleine Snacks und Getr\u00e4nke) ist auch gesorgt.<\/p>\n\n\n\n<p><\/p>\n","protected":false},"excerpt":{"rendered":"<p>Nach l\u00e4ngerer Pause veranstalten wir wieder eine Jugendserenade. Am Samstag den 15. November um 18.00 Uhr ist es wieder soweit: Die Jugendkapelle wird in der Gemeindehalle Fichtenberg ein Konzert geben. Das letzte mal haben wir diese Veranstaltung 2018 organisiert, also <a class=\"more-link\" href=\"http:\/\/jugend.mvfichtenberg.de\/?p=6399\">weiterlesen  <span class=\"screen-reader-text\">  Jugendserenade  Samstag 15. November 18.00 Uhr<\/span><span class=\"meta-nav\">&rarr;<\/span><\/a><\/p>\n","protected":false},"author":1,"featured_media":6404,"comment_status":"closed","ping_status":"open","sticky":false,"template":"","format":"standard","meta":{"ngg_post_thumbnail":0,"footnotes":""},"categories":[3,22],"tags":[],"class_list":["post-6399","post","type-post","status-publish","format-standard","has-post-thumbnail","hentry","category-konzertauftritt","category-musikalischer-auftritt"],"_links":{"self":[{"href":"http:\/\/jugend.mvfichtenberg.de\/index.php?rest_route=\/wp\/v2\/posts\/6399","targetHints":{"allow":["GET"]}}],"collection":[{"href":"http:\/\/jugend.mvfichtenberg.de\/index.php?rest_route=\/wp\/v2\/posts"}],"about":[{"href":"http:\/\/jugend.mvfichtenberg.de\/index.php?rest_route=\/wp\/v2\/types\/post"}],"author":[{"embeddable":true,"href":"http:\/\/jugend.mvfichtenberg.de\/index.php?rest_route=\/wp\/v2\/users\/1"}],"replies":[{"embeddable":true,"href":"http:\/\/jugend.mvfichtenberg.de\/index.php?rest_route=%2Fwp%2Fv2%2Fcomments&post=6399"}],"version-history":[{"count":13,"href":"http:\/\/jugend.mvfichtenberg.de\/index.php?rest_route=\/wp\/v2\/posts\/6399\/revisions"}],"predecessor-version":[{"id":6419,"href":"http:\/\/jugend.mvfichtenberg.de\/index.php?rest_route=\/wp\/v2\/posts\/6399\/revisions\/6419"}],"wp:featuredmedia":[{"embeddable":true,"href":"http:\/\/jugend.mvfichtenberg.de\/index.php?rest_route=\/wp\/v2\/media\/6404"}],"wp:attachment":[{"href":"http:\/\/jugend.mvfichtenberg.de\/index.php?rest_route=%2Fwp%2Fv2%2Fmedia&parent=6399"}],"wp:term":[{"taxonomy":"category","embeddable":true,"href":"http:\/\/jugend.mvfichtenberg.de\/index.php?rest_route=%2Fwp%2Fv2%2Fcategories&post=6399"},{"taxonomy":"post_tag","embeddable":true,"href":"http:\/\/jugend.mvfichtenberg.de\/index.php?rest_route=%2Fwp%2Fv2%2Ftags&post=6399"}],"curies":[{"name":"wp","href":"https:\/\/api.w.org\/{rel}","templated":true}]}}