{"id":686,"date":"2014-09-18T07:33:17","date_gmt":"2014-09-18T05:33:17","guid":{"rendered":"http:\/\/jugend.mvfichtenberg.de\/?p=686"},"modified":"2015-01-18T20:51:39","modified_gmt":"2015-01-18T19:51:39","slug":"neuer-jugendausschuss-gewaehlt","status":"publish","type":"post","link":"http:\/\/jugend.mvfichtenberg.de\/?p=686","title":{"rendered":"Neuer Jugendausschuss gew\u00e4hlt"},"content":{"rendered":"<div class=\"fcbkbttn_buttons_block\" id=\"fcbkbttn_middle\"><div class=\"fb-share-button  \" data-href=\"http:\/\/jugend.mvfichtenberg.de\/?p=686\" data-type=\"button\" data-size=\"small\"><\/div><\/div><p>Am<a href=\"http:\/\/jugend.mvfichtenberg.de\/wp-content\/uploads\/2014\/09\/20141102_165814.jpg\" target=\"_blank\"><img loading=\"lazy\" decoding=\"async\" class=\"alignleft wp-image-1323 size-medium\" src=\"http:\/\/jugend.mvfichtenberg.de\/wp-content\/uploads\/2014\/09\/20141102_165814-300x168.jpg\" alt=\"Max Ebinger, Luise Wolf, Janina Schramm, Andreas Fischer (v.l.), Michelle Mahler und Jasmin Schramm (vorne v.l.)\" width=\"300\" height=\"168\" srcset=\"http:\/\/jugend.mvfichtenberg.de\/wp-content\/uploads\/2014\/09\/20141102_165814-300x168.jpg 300w, http:\/\/jugend.mvfichtenberg.de\/wp-content\/uploads\/2014\/09\/20141102_165814-1024x576.jpg 1024w\" sizes=\"auto, (max-width: 300px) 100vw, 300px\" \/><\/a> Mittwoch, dem 17. September 2014 war es mal wieder soweit!<br \/>\nDie Amtszeit des im September 2013 gew\u00e4hlten Jungendausschuss durch die Jugendkapelle ging zu Ende. Durch eine Neuwahl wurden zwei Jugendliche aus dem vorherigen Jugendausschuss wieder gew\u00e4hlt. Eine neue Jugendliche die zuvor noch nicht im Jugendausschuss war wurde neu gew\u00e4hlt. Jeder aus der Jugendkapelle konnte sich zur Wahl aufstellen lassen &#8211; vier taten dies. So hatten alle die Qual der Wahl drei von vier Kandidatinnen oder Kandidaten zu w\u00e4hlen. Die Wahl erfolgte geheim und wurde dann laut ausgewertet.<\/p>\n<p><strong>Zum neuen <\/strong><strong>Jugendausschuss<\/strong><strong> geh\u00f6ren Jasmin Schramm (neu gew\u00e4hlt), Max Ebinger und Michelle Mahler (jeweils wieder gew\u00e4hlt).<\/strong><\/p>\n<p><a href=\"http:\/\/jugend.mvfichtenberg.de\/wp-content\/uploads\/2014\/09\/20141102_165814.jpg\"><br \/>\n<\/a>Auf dem Bild v.l.: Max Ebinger, Luise Wolf, Janina Schramm, Andreas Fischer<br \/>\nAuf dem Bild unten v.l.: Michelle Mahler, Jasmin Schramm<\/p>\n<p>&nbsp;<\/p>\n","protected":false},"excerpt":{"rendered":"<p>Am Mittwoch, dem 17. September 2014 war es mal wieder soweit! Die Amtszeit des im September 2013 gew\u00e4hlten Jungendausschuss durch die Jugendkapelle ging zu Ende. Durch eine Neuwahl wurden zwei Jugendliche aus dem vorherigen Jugendausschuss wieder gew\u00e4hlt. Eine neue Jugendliche <a class=\"more-link\" href=\"http:\/\/jugend.mvfichtenberg.de\/?p=686\">weiterlesen  <span class=\"screen-reader-text\">  Neuer Jugendausschuss gew\u00e4hlt<\/span><span class=\"meta-nav\">&rarr;<\/span><\/a><\/p>\n","protected":false},"author":3,"featured_media":1323,"comment_status":"open","ping_status":"open","sticky":false,"template":"","format":"standard","meta":{"ngg_post_thumbnail":0,"footnotes":""},"categories":[4],"tags":[],"class_list":["post-686","post","type-post","status-publish","format-standard","has-post-thumbnail","hentry","category-freizeitaussermusikalisch"],"_links":{"self":[{"href":"http:\/\/jugend.mvfichtenberg.de\/index.php?rest_route=\/wp\/v2\/posts\/686","targetHints":{"allow":["GET"]}}],"collection":[{"href":"http:\/\/jugend.mvfichtenberg.de\/index.php?rest_route=\/wp\/v2\/posts"}],"about":[{"href":"http:\/\/jugend.mvfichtenberg.de\/index.php?rest_route=\/wp\/v2\/types\/post"}],"author":[{"embeddable":true,"href":"http:\/\/jugend.mvfichtenberg.de\/index.php?rest_route=\/wp\/v2\/users\/3"}],"replies":[{"embeddable":true,"href":"http:\/\/jugend.mvfichtenberg.de\/index.php?rest_route=%2Fwp%2Fv2%2Fcomments&post=686"}],"version-history":[{"count":12,"href":"http:\/\/jugend.mvfichtenberg.de\/index.php?rest_route=\/wp\/v2\/posts\/686\/revisions"}],"predecessor-version":[{"id":1466,"href":"http:\/\/jugend.mvfichtenberg.de\/index.php?rest_route=\/wp\/v2\/posts\/686\/revisions\/1466"}],"wp:featuredmedia":[{"embeddable":true,"href":"http:\/\/jugend.mvfichtenberg.de\/index.php?rest_route=\/wp\/v2\/media\/1323"}],"wp:attachment":[{"href":"http:\/\/jugend.mvfichtenberg.de\/index.php?rest_route=%2Fwp%2Fv2%2Fmedia&parent=686"}],"wp:term":[{"taxonomy":"category","embeddable":true,"href":"http:\/\/jugend.mvfichtenberg.de\/index.php?rest_route=%2Fwp%2Fv2%2Fcategories&post=686"},{"taxonomy":"post_tag","embeddable":true,"href":"http:\/\/jugend.mvfichtenberg.de\/index.php?rest_route=%2Fwp%2Fv2%2Ftags&post=686"}],"curies":[{"name":"wp","href":"https:\/\/api.w.org\/{rel}","templated":true}]}}