{"id":692,"date":"2014-10-02T09:42:24","date_gmt":"2014-10-02T07:42:24","guid":{"rendered":"http:\/\/jugend.mvfichtenberg.de\/?p=692"},"modified":"2014-10-02T09:46:10","modified_gmt":"2014-10-02T07:46:10","slug":"jugendserenade-am-sonntag-2-november-17-30-uhr","status":"publish","type":"post","link":"http:\/\/jugend.mvfichtenberg.de\/?p=692","title":{"rendered":"Jugendserenade am Sonntag, 2. November 17.30 Uhr"},"content":{"rendered":"<div class=\"fcbkbttn_buttons_block\" id=\"fcbkbttn_middle\"><div class=\"fb-share-button  \" data-href=\"http:\/\/jugend.mvfichtenberg.de\/?p=692\" data-type=\"button\" data-size=\"small\"><\/div><\/div><p><a href=\"http:\/\/jugend.mvfichtenberg.de\/wp-content\/uploads\/2014\/10\/juka_juse2014Red.jpg\" target=\"_blank\"><img loading=\"lazy\" decoding=\"async\" class=\"alignleft size-medium wp-image-693\" style=\"color: #333333; font-style: normal; line-height: 24.375px;\" alt=\"Plakat Jugendserenade 2014\" src=\"http:\/\/jugend.mvfichtenberg.de\/wp-content\/uploads\/2014\/10\/juka_juse2014Red-212x300.jpg\" width=\"212\" height=\"300\" srcset=\"http:\/\/jugend.mvfichtenberg.de\/wp-content\/uploads\/2014\/10\/juka_juse2014Red-212x300.jpg 212w, http:\/\/jugend.mvfichtenberg.de\/wp-content\/uploads\/2014\/10\/juka_juse2014Red-723x1024.jpg 723w, http:\/\/jugend.mvfichtenberg.de\/wp-content\/uploads\/2014\/10\/juka_juse2014Red.jpg 1240w\" sizes=\"auto, (max-width: 212px) 100vw, 212px\" \/><\/a><\/p>\n<p>Zusammen mit den Jugendblasorchestern aus Laufen am Kocher und Neuenstein veranstaltet die Jugendkapelle Fichtenberg am <strong>Sonntag, 2. November ab 17.30 in der Gemeindehalle<\/strong> in Fichtenberg eine Jugendserenade.<\/p>\n<p>Jedes Orchester tritt zun\u00e4chst alleine auf und bringt sein K\u00f6nnen zu Geh\u00f6r. Am Ende des Konzertes kommen dann alle Musiker zusammen auf die B\u00fchne und spielen gemeinsam zwei Musikst\u00fccke im Gesamtchor mit ca. 60 Musikern.\u00a0Fichtenberger Jugendkapelle am Sonntag, 2. November ab 17.30 Uhr in der Fichtenberger Gemeindehalle ein Serenadenkonzert.<\/p>\n","protected":false},"excerpt":{"rendered":"<p>Zusammen mit den Jugendblasorchestern aus Laufen am Kocher und Neuenstein veranstaltet die Jugendkapelle Fichtenberg am Sonntag, 2. November ab 17.30 in der Gemeindehalle in Fichtenberg eine Jugendserenade. Jedes Orchester tritt zun\u00e4chst alleine auf und bringt sein K\u00f6nnen zu Geh\u00f6r. Am <a class=\"more-link\" href=\"http:\/\/jugend.mvfichtenberg.de\/?p=692\">weiterlesen  <span class=\"screen-reader-text\">  Jugendserenade am Sonntag, 2. November 17.30 Uhr<\/span><span class=\"meta-nav\">&rarr;<\/span><\/a><\/p>\n","protected":false},"author":1,"featured_media":693,"comment_status":"open","ping_status":"open","sticky":false,"template":"","format":"standard","meta":{"ngg_post_thumbnail":0,"footnotes":""},"categories":[3],"tags":[],"class_list":["post-692","post","type-post","status-publish","format-standard","has-post-thumbnail","hentry","category-konzertauftritt"],"_links":{"self":[{"href":"http:\/\/jugend.mvfichtenberg.de\/index.php?rest_route=\/wp\/v2\/posts\/692","targetHints":{"allow":["GET"]}}],"collection":[{"href":"http:\/\/jugend.mvfichtenberg.de\/index.php?rest_route=\/wp\/v2\/posts"}],"about":[{"href":"http:\/\/jugend.mvfichtenberg.de\/index.php?rest_route=\/wp\/v2\/types\/post"}],"author":[{"embeddable":true,"href":"http:\/\/jugend.mvfichtenberg.de\/index.php?rest_route=\/wp\/v2\/users\/1"}],"replies":[{"embeddable":true,"href":"http:\/\/jugend.mvfichtenberg.de\/index.php?rest_route=%2Fwp%2Fv2%2Fcomments&post=692"}],"version-history":[{"count":5,"href":"http:\/\/jugend.mvfichtenberg.de\/index.php?rest_route=\/wp\/v2\/posts\/692\/revisions"}],"predecessor-version":[{"id":699,"href":"http:\/\/jugend.mvfichtenberg.de\/index.php?rest_route=\/wp\/v2\/posts\/692\/revisions\/699"}],"wp:featuredmedia":[{"embeddable":true,"href":"http:\/\/jugend.mvfichtenberg.de\/index.php?rest_route=\/wp\/v2\/media\/693"}],"wp:attachment":[{"href":"http:\/\/jugend.mvfichtenberg.de\/index.php?rest_route=%2Fwp%2Fv2%2Fmedia&parent=692"}],"wp:term":[{"taxonomy":"category","embeddable":true,"href":"http:\/\/jugend.mvfichtenberg.de\/index.php?rest_route=%2Fwp%2Fv2%2Fcategories&post=692"},{"taxonomy":"post_tag","embeddable":true,"href":"http:\/\/jugend.mvfichtenberg.de\/index.php?rest_route=%2Fwp%2Fv2%2Ftags&post=692"}],"curies":[{"name":"wp","href":"https:\/\/api.w.org\/{rel}","templated":true}]}}