{"id":89,"date":"2014-02-24T12:52:54","date_gmt":"2014-02-24T12:52:54","guid":{"rendered":"http:\/\/jugend.mvfichtenberg.de\/?p=89"},"modified":"2014-12-07T18:48:38","modified_gmt":"2014-12-07T17:48:38","slug":"bastelaktion-fuers-konzert","status":"publish","type":"post","link":"http:\/\/jugend.mvfichtenberg.de\/?p=89","title":{"rendered":"Bastelaktion f\u00fcrs Konzert"},"content":{"rendered":"<div class=\"fcbkbttn_buttons_block\" id=\"fcbkbttn_middle\"><div class=\"fb-share-button  \" data-href=\"http:\/\/jugend.mvfichtenberg.de\/?p=89\" data-type=\"button\" data-size=\"small\"><\/div><\/div><p>Eine gelungene Aktion, bei der viele sch\u00f6ne Dekoelemente entstanden sind. Die gebastelten Dekoelemente k\u00f6nnen am Sonntag, 16.M\u00e4rz 2014 ab 18:00 Uhr beim Konzert bestaunt werden.<\/p>\n<p><strong>Danke f\u00fcr die tollen Helf<\/strong><strong>erinnen und Helfer!<\/strong><\/p>\n<p><strong><img loading=\"lazy\" decoding=\"async\" class=\"alignleft size-medium wp-image-1319\" src=\"http:\/\/jugend.mvfichtenberg.de\/wp-content\/uploads\/2014\/02\/20140222_121926-300x225.jpg\" alt=\"Helferinnen und Helfer\" width=\"300\" height=\"225\" srcset=\"http:\/\/jugend.mvfichtenberg.de\/wp-content\/uploads\/2014\/02\/20140222_121926-300x225.jpg 300w, http:\/\/jugend.mvfichtenberg.de\/wp-content\/uploads\/2014\/02\/20140222_121926-1024x768.jpg 1024w\" sizes=\"auto, (max-width: 300px) 100vw, 300px\" \/><\/strong><\/p>\n<p><img loading=\"lazy\" decoding=\"async\" class=\"alignnone size-medium wp-image-1320\" src=\"http:\/\/jugend.mvfichtenberg.de\/wp-content\/uploads\/2014\/02\/20140222_122415-300x225.jpg\" alt=\"Buchstaben f\u00fcr unsere Saftbar\" width=\"300\" height=\"225\" srcset=\"http:\/\/jugend.mvfichtenberg.de\/wp-content\/uploads\/2014\/02\/20140222_122415-300x225.jpg 300w, http:\/\/jugend.mvfichtenberg.de\/wp-content\/uploads\/2014\/02\/20140222_122415-1024x768.jpg 1024w\" sizes=\"auto, (max-width: 300px) 100vw, 300px\" \/><\/p>\n","protected":false},"excerpt":{"rendered":"<p>Eine gelungene Aktion, bei der viele sch\u00f6ne Dekoelemente entstanden sind. Die gebastelten Dekoelemente k\u00f6nnen am Sonntag, 16.M\u00e4rz 2014 ab 18:00 Uhr beim Konzert bestaunt werden. Danke f\u00fcr die tollen Helferinnen und Helfer!<\/p>\n","protected":false},"author":3,"featured_media":0,"comment_status":"open","ping_status":"open","sticky":false,"template":"","format":"standard","meta":{"ngg_post_thumbnail":0,"footnotes":""},"categories":[4,3],"tags":[],"class_list":["post-89","post","type-post","status-publish","format-standard","hentry","category-freizeitaussermusikalisch","category-konzertauftritt"],"_links":{"self":[{"href":"http:\/\/jugend.mvfichtenberg.de\/index.php?rest_route=\/wp\/v2\/posts\/89","targetHints":{"allow":["GET"]}}],"collection":[{"href":"http:\/\/jugend.mvfichtenberg.de\/index.php?rest_route=\/wp\/v2\/posts"}],"about":[{"href":"http:\/\/jugend.mvfichtenberg.de\/index.php?rest_route=\/wp\/v2\/types\/post"}],"author":[{"embeddable":true,"href":"http:\/\/jugend.mvfichtenberg.de\/index.php?rest_route=\/wp\/v2\/users\/3"}],"replies":[{"embeddable":true,"href":"http:\/\/jugend.mvfichtenberg.de\/index.php?rest_route=%2Fwp%2Fv2%2Fcomments&post=89"}],"version-history":[{"count":3,"href":"http:\/\/jugend.mvfichtenberg.de\/index.php?rest_route=\/wp\/v2\/posts\/89\/revisions"}],"predecessor-version":[{"id":1318,"href":"http:\/\/jugend.mvfichtenberg.de\/index.php?rest_route=\/wp\/v2\/posts\/89\/revisions\/1318"}],"wp:attachment":[{"href":"http:\/\/jugend.mvfichtenberg.de\/index.php?rest_route=%2Fwp%2Fv2%2Fmedia&parent=89"}],"wp:term":[{"taxonomy":"category","embeddable":true,"href":"http:\/\/jugend.mvfichtenberg.de\/index.php?rest_route=%2Fwp%2Fv2%2Fcategories&post=89"},{"taxonomy":"post_tag","embeddable":true,"href":"http:\/\/jugend.mvfichtenberg.de\/index.php?rest_route=%2Fwp%2Fv2%2Ftags&post=89"}],"curies":[{"name":"wp","href":"https:\/\/api.w.org\/{rel}","templated":true}]}}