{"id":95,"date":"2014-03-21T05:27:40","date_gmt":"2014-03-21T05:27:40","guid":{"rendered":"http:\/\/jugend.mvfichtenberg.de\/?p=95"},"modified":"2014-08-27T11:38:49","modified_gmt":"2014-08-27T09:38:49","slug":"jungkoeche-der-melodiekueche","status":"publish","type":"post","link":"http:\/\/jugend.mvfichtenberg.de\/?p=95","title":{"rendered":"Jungk\u00f6che der Melodiek\u00fcche"},"content":{"rendered":"<div class=\"fcbkbttn_buttons_block\" id=\"fcbkbttn_middle\"><div class=\"fb-share-button  \" data-href=\"http:\/\/jugend.mvfichtenberg.de\/?p=95\" data-type=\"button\" data-size=\"small\"><\/div><\/div><p><a href=\"http:\/\/jugend.mvfichtenberg.de\/wp-content\/uploads\/2014\/03\/1461587_t1w600h392q90v58242_swp-7399273_20140318_4C_07JUNGTUBST_X768193572X.jpg\"><img loading=\"lazy\" decoding=\"async\" class=\" wp-image-96 alignleft\" alt=\"unsere jungen Tubaspieler\" src=\"http:\/\/jugend.mvfichtenberg.de\/wp-content\/uploads\/2014\/03\/1461587_t1w600h392q90v58242_swp-7399273_20140318_4C_07JUNGTUBST_X768193572X-300x278.jpg\" width=\"270\" height=\"250\" srcset=\"http:\/\/jugend.mvfichtenberg.de\/wp-content\/uploads\/2014\/03\/1461587_t1w600h392q90v58242_swp-7399273_20140318_4C_07JUNGTUBST_X768193572X-300x278.jpg 300w, http:\/\/jugend.mvfichtenberg.de\/wp-content\/uploads\/2014\/03\/1461587_t1w600h392q90v58242_swp-7399273_20140318_4C_07JUNGTUBST_X768193572X.jpg 387w\" sizes=\"auto, (max-width: 270px) 100vw, 270px\" \/><\/a>Beim diesj\u00e4hrigen Fr\u00fchjahrskonzert unter dem Motto: &#8222;Menu \u00e0 la carte&#8220; servierte die Jugendkapelle den Zuschauern die Vorspeise des Abends.<br \/>\nVerschiedene Musikst\u00fccke aller Art pr\u00e4sentierte die Jugend dem hungrigen Publikum. Bei zwei der sieben Musikst\u00fccke zeigten unsere Solisten Kathrin und Luis wie sie ihr Instrument voll unter Kontrolle haben &#8211; beide ernteten gro\u00dfen Applaus.\u00a0 Am Ende gab es, wie vom Publikum gew\u00fcnscht noch eine s\u00fc\u00dfe Kleinigkeit. Mit dem Lied &#8222;Tage wie diese&#8220; von den Toten Hosen verabschiedete sich die Jugendkapelle.<\/p>\n","protected":false},"excerpt":{"rendered":"<p>Beim diesj\u00e4hrigen Fr\u00fchjahrskonzert unter dem Motto: &#8222;Menu \u00e0 la carte&#8220; servierte die Jugendkapelle den Zuschauern die Vorspeise des Abends. Verschiedene Musikst\u00fccke aller Art pr\u00e4sentierte die Jugend dem hungrigen Publikum. Bei zwei der sieben Musikst\u00fccke zeigten unsere Solisten Kathrin und Luis <a class=\"more-link\" href=\"http:\/\/jugend.mvfichtenberg.de\/?p=95\">weiterlesen  <span class=\"screen-reader-text\">  Jungk\u00f6che der Melodiek\u00fcche<\/span><span class=\"meta-nav\">&rarr;<\/span><\/a><\/p>\n","protected":false},"author":3,"featured_media":96,"comment_status":"open","ping_status":"open","sticky":false,"template":"","format":"standard","meta":{"ngg_post_thumbnail":0,"footnotes":""},"categories":[3],"tags":[],"class_list":["post-95","post","type-post","status-publish","format-standard","has-post-thumbnail","hentry","category-konzertauftritt"],"_links":{"self":[{"href":"http:\/\/jugend.mvfichtenberg.de\/index.php?rest_route=\/wp\/v2\/posts\/95","targetHints":{"allow":["GET"]}}],"collection":[{"href":"http:\/\/jugend.mvfichtenberg.de\/index.php?rest_route=\/wp\/v2\/posts"}],"about":[{"href":"http:\/\/jugend.mvfichtenberg.de\/index.php?rest_route=\/wp\/v2\/types\/post"}],"author":[{"embeddable":true,"href":"http:\/\/jugend.mvfichtenberg.de\/index.php?rest_route=\/wp\/v2\/users\/3"}],"replies":[{"embeddable":true,"href":"http:\/\/jugend.mvfichtenberg.de\/index.php?rest_route=%2Fwp%2Fv2%2Fcomments&post=95"}],"version-history":[{"count":2,"href":"http:\/\/jugend.mvfichtenberg.de\/index.php?rest_route=\/wp\/v2\/posts\/95\/revisions"}],"predecessor-version":[{"id":98,"href":"http:\/\/jugend.mvfichtenberg.de\/index.php?rest_route=\/wp\/v2\/posts\/95\/revisions\/98"}],"wp:featuredmedia":[{"embeddable":true,"href":"http:\/\/jugend.mvfichtenberg.de\/index.php?rest_route=\/wp\/v2\/media\/96"}],"wp:attachment":[{"href":"http:\/\/jugend.mvfichtenberg.de\/index.php?rest_route=%2Fwp%2Fv2%2Fmedia&parent=95"}],"wp:term":[{"taxonomy":"category","embeddable":true,"href":"http:\/\/jugend.mvfichtenberg.de\/index.php?rest_route=%2Fwp%2Fv2%2Fcategories&post=95"},{"taxonomy":"post_tag","embeddable":true,"href":"http:\/\/jugend.mvfichtenberg.de\/index.php?rest_route=%2Fwp%2Fv2%2Ftags&post=95"}],"curies":[{"name":"wp","href":"https:\/\/api.w.org\/{rel}","templated":true}]}}